{"id":11818,"date":"2015-03-12T08:45:55","date_gmt":"2015-03-12T07:45:55","guid":{"rendered":"http:\/\/www.bajoaragonesa.org\/elagitador\/?p=11818"},"modified":"2020-10-01T10:39:01","modified_gmt":"2020-10-01T08:39:01","slug":"concierto-de-clausura-del-iv-taller-de-canto-coral-ciudad-de-caspe","status":"publish","type":"post","link":"https:\/\/www.bajoaragonesa.org\/elagitador\/concierto-de-clausura-del-iv-taller-de-canto-coral-ciudad-de-caspe\/","title":{"rendered":"Concierto de clausura del IV Taller de Canto Coral \u00abCiudad de Caspe\u00bb"},"content":{"rendered":"<p style=\"text-align: justify;\">El Centro de Estudios Comarcales del Bajo Arag\u00f3n &#8211; Caspe se complace en invitarle al Concierto de Clausura del IV Talle de Canto Coral \u00ab<em>Ciudad de Caspe<\/em>\u00ab. El concierto, que estar\u00e1 dirigido por Enrique Azurza Aramburu, tendr\u00e1 lugar este pr\u00f3ximo domingo, d\u00eda 15 de Marzo, a las 13.30 horas en la Colegiata de Santa Mar\u00eda la Mayor de Caspe.<\/p>\n<p><img loading=\"lazy\" decoding=\"async\" class=\"  wp-image-11819 aligncenter\" src=\"http:\/\/www.bajoaragonesa.org\/elagitador\/wp-content\/uploads\/2015\/03\/invitaci\u00f3n-494x236.jpg\" alt=\"invitaci\u00f3n\" width=\"601\" height=\"287\" srcset=\"https:\/\/www.bajoaragonesa.org\/elagitador\/wp-content\/uploads\/2015\/03\/invitaci\u00f3n-494x236.jpg 494w, https:\/\/www.bajoaragonesa.org\/elagitador\/wp-content\/uploads\/2015\/03\/invitaci\u00f3n-288x137.jpg 288w, https:\/\/www.bajoaragonesa.org\/elagitador\/wp-content\/uploads\/2015\/03\/invitaci\u00f3n-274x131.jpg 274w, https:\/\/www.bajoaragonesa.org\/elagitador\/wp-content\/uploads\/2015\/03\/invitaci\u00f3n.jpg 1407w\" sizes=\"auto, (max-width: 601px) 100vw, 601px\" \/><\/p>\n<p>&nbsp;<\/p>\n","protected":false},"excerpt":{"rendered":"<p>El Centro de Estudios Comarcales del Bajo Arag\u00f3n &#8211; Caspe se complace en invitarle al Concierto de Clausura del IV Talle de Canto Coral \u00abCiudad<\/p>\n","protected":false},"author":12,"featured_media":11819,"comment_status":"closed","ping_status":"closed","sticky":false,"template":"","format":"standard","meta":{"footnotes":"","jetpack_publicize_message":"","jetpack_publicize_feature_enabled":true,"jetpack_social_post_already_shared":true,"jetpack_social_options":{"image_generator_settings":{"template":"highway","default_image_id":0,"font":"","enabled":false},"version":2}},"categories":[3],"tags":[26,41,1636,150,3864,3865,3866],"class_list":["post-11818","post","type-post","status-publish","format-standard","has-post-thumbnail","hentry","category-noticias","tag-caspe","tag-cecbac","tag-colegiata","tag-concierto","tag-coral","tag-coro-de-caspe","tag-taller"],"yoast_head":"<!-- This site is optimized with the Yoast SEO plugin v28.4 - https:\/\/yoast.com\/product\/yoast-seo-wordpress\/ -->\n<title>Concierto de clausura del IV Taller de Canto Coral &quot;Ciudad de Caspe&quot; - El Agitador<\/title>\n<meta name=\"robots\" content=\"index, follow, max-snippet:-1, max-image-preview:large, max-video-preview:-1\" \/>\n<link rel=\"canonical\" href=\"https:\/\/www.bajoaragonesa.org\/elagitador\/concierto-de-clausura-del-iv-taller-de-canto-coral-ciudad-de-caspe\/\" \/>\n<meta property=\"og:locale\" content=\"es_ES\" \/>\n<meta property=\"og:type\" content=\"article\" \/>\n<meta property=\"og:title\" content=\"Concierto de clausura del IV Taller de Canto Coral &quot;Ciudad de Caspe&quot; - El Agitador\" \/>\n<meta property=\"og:description\" content=\"El Centro de Estudios Comarcales del Bajo Arag\u00f3n &#8211; Caspe se complace en invitarle al Concierto de Clausura del IV Talle de Canto Coral \u00abCiudad\" \/>\n<meta property=\"og:url\" content=\"https:\/\/www.bajoaragonesa.org\/elagitador\/concierto-de-clausura-del-iv-taller-de-canto-coral-ciudad-de-caspe\/\" \/>\n<meta property=\"og:site_name\" content=\"El Agitador\" \/>\n<meta property=\"article:publisher\" content=\"https:\/\/www.facebook.com\/Bajoaragonesa\" \/>\n<meta property=\"article:published_time\" content=\"2015-03-12T07:45:55+00:00\" \/>\n<meta property=\"article:modified_time\" content=\"2020-10-01T08:39:01+00:00\" \/>\n<meta property=\"og:image\" content=\"https:\/\/www.bajoaragonesa.org\/elagitador\/wp-content\/uploads\/2015\/03\/invitaci\u00f3n.jpg\" \/>\n\t<meta property=\"og:image:width\" content=\"1407\" \/>\n\t<meta property=\"og:image:height\" content=\"671\" \/>\n\t<meta property=\"og:image:type\" content=\"image\/jpeg\" \/>\n<meta name=\"author\" content=\"ElAgitador\" \/>\n<meta name=\"twitter:card\" content=\"summary_large_image\" \/>\n<meta name=\"twitter:creator\" content=\"@bajoaragonesa\" \/>\n<meta name=\"twitter:site\" content=\"@bajoaragonesa\" \/>\n<meta name=\"twitter:label1\" content=\"Escrito por\" \/>\n\t<meta name=\"twitter:data1\" content=\"ElAgitador\" \/>\n<script type=\"application\/ld+json\" class=\"yoast-schema-graph\">{\"@context\":\"https:\\\/\\\/schema.org\",\"@graph\":[{\"@type\":\"Article\",\"@id\":\"https:\\\/\\\/www.bajoaragonesa.org\\\/elagitador\\\/concierto-de-clausura-del-iv-taller-de-canto-coral-ciudad-de-caspe\\\/#article\",\"isPartOf\":{\"@id\":\"https:\\\/\\\/www.bajoaragonesa.org\\\/elagitador\\\/concierto-de-clausura-del-iv-taller-de-canto-coral-ciudad-de-caspe\\\/\"},\"author\":{\"name\":\"ElAgitador\",\"@id\":\"https:\\\/\\\/www.bajoaragonesa.org\\\/elagitador\\\/#\\\/schema\\\/person\\\/872d64f1366d7fadd0011541a15fcc88\"},\"headline\":\"Concierto de clausura del IV Taller de Canto Coral \u00abCiudad de Caspe\u00bb\",\"datePublished\":\"2015-03-12T07:45:55+00:00\",\"dateModified\":\"2020-10-01T08:39:01+00:00\",\"mainEntityOfPage\":{\"@id\":\"https:\\\/\\\/www.bajoaragonesa.org\\\/elagitador\\\/concierto-de-clausura-del-iv-taller-de-canto-coral-ciudad-de-caspe\\\/\"},\"wordCount\":74,\"image\":{\"@id\":\"https:\\\/\\\/www.bajoaragonesa.org\\\/elagitador\\\/concierto-de-clausura-del-iv-taller-de-canto-coral-ciudad-de-caspe\\\/#primaryimage\"},\"thumbnailUrl\":\"https:\\\/\\\/www.bajoaragonesa.org\\\/elagitador\\\/wp-content\\\/uploads\\\/2015\\\/03\\\/invitaci\u00f3n.jpg\",\"keywords\":[\"Caspe\",\"cecbac\",\"Colegiata\",\"concierto\",\"coral\",\"coro de caspe\",\"taller\"],\"articleSection\":[\"Sin conservantes ni colorantes\"],\"inLanguage\":\"es\"},{\"@type\":\"WebPage\",\"@id\":\"https:\\\/\\\/www.bajoaragonesa.org\\\/elagitador\\\/concierto-de-clausura-del-iv-taller-de-canto-coral-ciudad-de-caspe\\\/\",\"url\":\"https:\\\/\\\/www.bajoaragonesa.org\\\/elagitador\\\/concierto-de-clausura-del-iv-taller-de-canto-coral-ciudad-de-caspe\\\/\",\"name\":\"Concierto de clausura del IV Taller de Canto Coral \\\"Ciudad de Caspe\\\" - El Agitador\",\"isPartOf\":{\"@id\":\"https:\\\/\\\/www.bajoaragonesa.org\\\/elagitador\\\/#website\"},\"primaryImageOfPage\":{\"@id\":\"https:\\\/\\\/www.bajoaragonesa.org\\\/elagitador\\\/concierto-de-clausura-del-iv-taller-de-canto-coral-ciudad-de-caspe\\\/#primaryimage\"},\"image\":{\"@id\":\"https:\\\/\\\/www.bajoaragonesa.org\\\/elagitador\\\/concierto-de-clausura-del-iv-taller-de-canto-coral-ciudad-de-caspe\\\/#primaryimage\"},\"thumbnailUrl\":\"https:\\\/\\\/www.bajoaragonesa.org\\\/elagitador\\\/wp-content\\\/uploads\\\/2015\\\/03\\\/invitaci\u00f3n.jpg\",\"datePublished\":\"2015-03-12T07:45:55+00:00\",\"dateModified\":\"2020-10-01T08:39:01+00:00\",\"author\":{\"@id\":\"https:\\\/\\\/www.bajoaragonesa.org\\\/elagitador\\\/#\\\/schema\\\/person\\\/872d64f1366d7fadd0011541a15fcc88\"},\"breadcrumb\":{\"@id\":\"https:\\\/\\\/www.bajoaragonesa.org\\\/elagitador\\\/concierto-de-clausura-del-iv-taller-de-canto-coral-ciudad-de-caspe\\\/#breadcrumb\"},\"inLanguage\":\"es\",\"potentialAction\":[{\"@type\":\"ReadAction\",\"target\":[\"https:\\\/\\\/www.bajoaragonesa.org\\\/elagitador\\\/concierto-de-clausura-del-iv-taller-de-canto-coral-ciudad-de-caspe\\\/\"]}]},{\"@type\":\"ImageObject\",\"inLanguage\":\"es\",\"@id\":\"https:\\\/\\\/www.bajoaragonesa.org\\\/elagitador\\\/concierto-de-clausura-del-iv-taller-de-canto-coral-ciudad-de-caspe\\\/#primaryimage\",\"url\":\"https:\\\/\\\/www.bajoaragonesa.org\\\/elagitador\\\/wp-content\\\/uploads\\\/2015\\\/03\\\/invitaci\u00f3n.jpg\",\"contentUrl\":\"https:\\\/\\\/www.bajoaragonesa.org\\\/elagitador\\\/wp-content\\\/uploads\\\/2015\\\/03\\\/invitaci\u00f3n.jpg\",\"width\":1407,\"height\":671},{\"@type\":\"BreadcrumbList\",\"@id\":\"https:\\\/\\\/www.bajoaragonesa.org\\\/elagitador\\\/concierto-de-clausura-del-iv-taller-de-canto-coral-ciudad-de-caspe\\\/#breadcrumb\",\"itemListElement\":[{\"@type\":\"ListItem\",\"position\":1,\"name\":\"Portada\",\"item\":\"https:\\\/\\\/www.bajoaragonesa.org\\\/elagitador\\\/\"},{\"@type\":\"ListItem\",\"position\":2,\"name\":\"Concierto de clausura del IV Taller de Canto Coral \u00abCiudad de Caspe\u00bb\"}]},{\"@type\":\"WebSite\",\"@id\":\"https:\\\/\\\/www.bajoaragonesa.org\\\/elagitador\\\/#website\",\"url\":\"https:\\\/\\\/www.bajoaragonesa.org\\\/elagitador\\\/\",\"name\":\"El Agitador\",\"description\":\"Una publicaci\u00f3n de Bajoaragonesa de Agitaci\u00f3n y Propaganda\",\"potentialAction\":[{\"@type\":\"SearchAction\",\"target\":{\"@type\":\"EntryPoint\",\"urlTemplate\":\"https:\\\/\\\/www.bajoaragonesa.org\\\/elagitador\\\/?s={search_term_string}\"},\"query-input\":{\"@type\":\"PropertyValueSpecification\",\"valueRequired\":true,\"valueName\":\"search_term_string\"}}],\"inLanguage\":\"es\"},{\"@type\":\"Person\",\"@id\":\"https:\\\/\\\/www.bajoaragonesa.org\\\/elagitador\\\/#\\\/schema\\\/person\\\/872d64f1366d7fadd0011541a15fcc88\",\"name\":\"ElAgitador\",\"image\":{\"@type\":\"ImageObject\",\"inLanguage\":\"es\",\"@id\":\"https:\\\/\\\/secure.gravatar.com\\\/avatar\\\/0130584f6a011c9032e664d489b62b6e5026579dcd3b2471620861b788b90451?s=96&d=identicon&r=g\",\"url\":\"https:\\\/\\\/secure.gravatar.com\\\/avatar\\\/0130584f6a011c9032e664d489b62b6e5026579dcd3b2471620861b788b90451?s=96&d=identicon&r=g\",\"contentUrl\":\"https:\\\/\\\/secure.gravatar.com\\\/avatar\\\/0130584f6a011c9032e664d489b62b6e5026579dcd3b2471620861b788b90451?s=96&d=identicon&r=g\",\"caption\":\"ElAgitador\"},\"sameAs\":[\"http:\\\/\\\/www.bajoaragonesa.org\"],\"url\":\"https:\\\/\\\/www.bajoaragonesa.org\\\/elagitador\\\/author\\\/elagitador\\\/\"}]}<\/script>\n<!-- \/ Yoast SEO plugin. -->","yoast_head_json":{"title":"Concierto de clausura del IV Taller de Canto Coral \"Ciudad de Caspe\" - El Agitador","robots":{"index":"index","follow":"follow","max-snippet":"max-snippet:-1","max-image-preview":"max-image-preview:large","max-video-preview":"max-video-preview:-1"},"canonical":"https:\/\/www.bajoaragonesa.org\/elagitador\/concierto-de-clausura-del-iv-taller-de-canto-coral-ciudad-de-caspe\/","og_locale":"es_ES","og_type":"article","og_title":"Concierto de clausura del IV Taller de Canto Coral \"Ciudad de Caspe\" - El Agitador","og_description":"El Centro de Estudios Comarcales del Bajo Arag\u00f3n &#8211; Caspe se complace en invitarle al Concierto de Clausura del IV Talle de Canto Coral \u00abCiudad","og_url":"https:\/\/www.bajoaragonesa.org\/elagitador\/concierto-de-clausura-del-iv-taller-de-canto-coral-ciudad-de-caspe\/","og_site_name":"El Agitador","article_publisher":"https:\/\/www.facebook.com\/Bajoaragonesa","article_published_time":"2015-03-12T07:45:55+00:00","article_modified_time":"2020-10-01T08:39:01+00:00","og_image":[{"width":1407,"height":671,"url":"https:\/\/www.bajoaragonesa.org\/elagitador\/wp-content\/uploads\/2015\/03\/invitaci\u00f3n.jpg","type":"image\/jpeg"}],"author":"ElAgitador","twitter_card":"summary_large_image","twitter_creator":"@bajoaragonesa","twitter_site":"@bajoaragonesa","twitter_misc":{"Escrito por":"ElAgitador"},"schema":{"@context":"https:\/\/schema.org","@graph":[{"@type":"Article","@id":"https:\/\/www.bajoaragonesa.org\/elagitador\/concierto-de-clausura-del-iv-taller-de-canto-coral-ciudad-de-caspe\/#article","isPartOf":{"@id":"https:\/\/www.bajoaragonesa.org\/elagitador\/concierto-de-clausura-del-iv-taller-de-canto-coral-ciudad-de-caspe\/"},"author":{"name":"ElAgitador","@id":"https:\/\/www.bajoaragonesa.org\/elagitador\/#\/schema\/person\/872d64f1366d7fadd0011541a15fcc88"},"headline":"Concierto de clausura del IV Taller de Canto Coral \u00abCiudad de Caspe\u00bb","datePublished":"2015-03-12T07:45:55+00:00","dateModified":"2020-10-01T08:39:01+00:00","mainEntityOfPage":{"@id":"https:\/\/www.bajoaragonesa.org\/elagitador\/concierto-de-clausura-del-iv-taller-de-canto-coral-ciudad-de-caspe\/"},"wordCount":74,"image":{"@id":"https:\/\/www.bajoaragonesa.org\/elagitador\/concierto-de-clausura-del-iv-taller-de-canto-coral-ciudad-de-caspe\/#primaryimage"},"thumbnailUrl":"https:\/\/www.bajoaragonesa.org\/elagitador\/wp-content\/uploads\/2015\/03\/invitaci\u00f3n.jpg","keywords":["Caspe","cecbac","Colegiata","concierto","coral","coro de caspe","taller"],"articleSection":["Sin conservantes ni colorantes"],"inLanguage":"es"},{"@type":"WebPage","@id":"https:\/\/www.bajoaragonesa.org\/elagitador\/concierto-de-clausura-del-iv-taller-de-canto-coral-ciudad-de-caspe\/","url":"https:\/\/www.bajoaragonesa.org\/elagitador\/concierto-de-clausura-del-iv-taller-de-canto-coral-ciudad-de-caspe\/","name":"Concierto de clausura del IV Taller de Canto Coral \"Ciudad de Caspe\" - El Agitador","isPartOf":{"@id":"https:\/\/www.bajoaragonesa.org\/elagitador\/#website"},"primaryImageOfPage":{"@id":"https:\/\/www.bajoaragonesa.org\/elagitador\/concierto-de-clausura-del-iv-taller-de-canto-coral-ciudad-de-caspe\/#primaryimage"},"image":{"@id":"https:\/\/www.bajoaragonesa.org\/elagitador\/concierto-de-clausura-del-iv-taller-de-canto-coral-ciudad-de-caspe\/#primaryimage"},"thumbnailUrl":"https:\/\/www.bajoaragonesa.org\/elagitador\/wp-content\/uploads\/2015\/03\/invitaci\u00f3n.jpg","datePublished":"2015-03-12T07:45:55+00:00","dateModified":"2020-10-01T08:39:01+00:00","author":{"@id":"https:\/\/www.bajoaragonesa.org\/elagitador\/#\/schema\/person\/872d64f1366d7fadd0011541a15fcc88"},"breadcrumb":{"@id":"https:\/\/www.bajoaragonesa.org\/elagitador\/concierto-de-clausura-del-iv-taller-de-canto-coral-ciudad-de-caspe\/#breadcrumb"},"inLanguage":"es","potentialAction":[{"@type":"ReadAction","target":["https:\/\/www.bajoaragonesa.org\/elagitador\/concierto-de-clausura-del-iv-taller-de-canto-coral-ciudad-de-caspe\/"]}]},{"@type":"ImageObject","inLanguage":"es","@id":"https:\/\/www.bajoaragonesa.org\/elagitador\/concierto-de-clausura-del-iv-taller-de-canto-coral-ciudad-de-caspe\/#primaryimage","url":"https:\/\/www.bajoaragonesa.org\/elagitador\/wp-content\/uploads\/2015\/03\/invitaci\u00f3n.jpg","contentUrl":"https:\/\/www.bajoaragonesa.org\/elagitador\/wp-content\/uploads\/2015\/03\/invitaci\u00f3n.jpg","width":1407,"height":671},{"@type":"BreadcrumbList","@id":"https:\/\/www.bajoaragonesa.org\/elagitador\/concierto-de-clausura-del-iv-taller-de-canto-coral-ciudad-de-caspe\/#breadcrumb","itemListElement":[{"@type":"ListItem","position":1,"name":"Portada","item":"https:\/\/www.bajoaragonesa.org\/elagitador\/"},{"@type":"ListItem","position":2,"name":"Concierto de clausura del IV Taller de Canto Coral \u00abCiudad de Caspe\u00bb"}]},{"@type":"WebSite","@id":"https:\/\/www.bajoaragonesa.org\/elagitador\/#website","url":"https:\/\/www.bajoaragonesa.org\/elagitador\/","name":"El Agitador","description":"Una publicaci\u00f3n de Bajoaragonesa de Agitaci\u00f3n y Propaganda","potentialAction":[{"@type":"SearchAction","target":{"@type":"EntryPoint","urlTemplate":"https:\/\/www.bajoaragonesa.org\/elagitador\/?s={search_term_string}"},"query-input":{"@type":"PropertyValueSpecification","valueRequired":true,"valueName":"search_term_string"}}],"inLanguage":"es"},{"@type":"Person","@id":"https:\/\/www.bajoaragonesa.org\/elagitador\/#\/schema\/person\/872d64f1366d7fadd0011541a15fcc88","name":"ElAgitador","image":{"@type":"ImageObject","inLanguage":"es","@id":"https:\/\/secure.gravatar.com\/avatar\/0130584f6a011c9032e664d489b62b6e5026579dcd3b2471620861b788b90451?s=96&d=identicon&r=g","url":"https:\/\/secure.gravatar.com\/avatar\/0130584f6a011c9032e664d489b62b6e5026579dcd3b2471620861b788b90451?s=96&d=identicon&r=g","contentUrl":"https:\/\/secure.gravatar.com\/avatar\/0130584f6a011c9032e664d489b62b6e5026579dcd3b2471620861b788b90451?s=96&d=identicon&r=g","caption":"ElAgitador"},"sameAs":["http:\/\/www.bajoaragonesa.org"],"url":"https:\/\/www.bajoaragonesa.org\/elagitador\/author\/elagitador\/"}]}},"jetpack_publicize_connections":[],"jetpack_featured_media_url":"https:\/\/www.bajoaragonesa.org\/elagitador\/wp-content\/uploads\/2015\/03\/invitaci\u00f3n.jpg","_links":{"self":[{"href":"https:\/\/www.bajoaragonesa.org\/elagitador\/wp-json\/wp\/v2\/posts\/11818","targetHints":{"allow":["GET"]}}],"collection":[{"href":"https:\/\/www.bajoaragonesa.org\/elagitador\/wp-json\/wp\/v2\/posts"}],"about":[{"href":"https:\/\/www.bajoaragonesa.org\/elagitador\/wp-json\/wp\/v2\/types\/post"}],"author":[{"embeddable":true,"href":"https:\/\/www.bajoaragonesa.org\/elagitador\/wp-json\/wp\/v2\/users\/12"}],"replies":[{"embeddable":true,"href":"https:\/\/www.bajoaragonesa.org\/elagitador\/wp-json\/wp\/v2\/comments?post=11818"}],"version-history":[{"count":1,"href":"https:\/\/www.bajoaragonesa.org\/elagitador\/wp-json\/wp\/v2\/posts\/11818\/revisions"}],"predecessor-version":[{"id":11820,"href":"https:\/\/www.bajoaragonesa.org\/elagitador\/wp-json\/wp\/v2\/posts\/11818\/revisions\/11820"}],"wp:featuredmedia":[{"embeddable":true,"href":"https:\/\/www.bajoaragonesa.org\/elagitador\/wp-json\/wp\/v2\/media\/11819"}],"wp:attachment":[{"href":"https:\/\/www.bajoaragonesa.org\/elagitador\/wp-json\/wp\/v2\/media?parent=11818"}],"wp:term":[{"taxonomy":"category","embeddable":true,"href":"https:\/\/www.bajoaragonesa.org\/elagitador\/wp-json\/wp\/v2\/categories?post=11818"},{"taxonomy":"post_tag","embeddable":true,"href":"https:\/\/www.bajoaragonesa.org\/elagitador\/wp-json\/wp\/v2\/tags?post=11818"}],"curies":[{"name":"wp","href":"https:\/\/api.w.org\/{rel}","templated":true}]}}