{"id":5318,"date":"2013-02-04T00:01:55","date_gmt":"2013-02-03T23:01:55","guid":{"rendered":"http:\/\/www.bajoaragonesa.org\/elagitador\/?p=5318"},"modified":"2013-02-04T19:18:10","modified_gmt":"2013-02-04T18:18:10","slug":"2013-ano-nuevo-guerra-nueva","status":"publish","type":"post","link":"https:\/\/www.bajoaragonesa.org\/elagitador\/2013-ano-nuevo-guerra-nueva\/","title":{"rendered":"2013. A\u00f1o nuevo. Guerra nueva."},"content":{"rendered":"<p>&nbsp;<\/p>\n<p style=\"text-align: justify;\">No se si ustedes son de esa clase de personas que cuando comienza un nuevo a\u00f1o deciden que ya vale, que ya es hora de hacer esas cosas que el pasado a\u00f1o nos dejamos en el tintero sin realizar: el cl\u00e1sico dejar de fumar, el no menos cl\u00e1sico de aprender de una vez ingl\u00e9s, apuntarse a un gimnasio, asistir a un segundo curso de tai-chi, salir a correr por el campo, aprender a nadar. Este a\u00f1o si. De este a\u00f1o no pasa\u2026Pero cuando van a ponerse de corto (de hoy no pasa) oyen las noticias, y todo se estropea.<\/p>\n<p style=\"text-align: justify;\">Como en un bucle temporal, este a\u00f1o nuevo, tampoco parece que vaya a ser distinto\u2026La corrupci\u00f3n de nuestros pol\u00edticos empieza a ser intolerable. Las cadenas televisivas nos ofenden con programaciones dise\u00f1adas para oligofr\u00e9nicos. Nuestro equipo de f\u00fatbol sigue perdiendo cada domingo. Nuestra barriga sigue creciendo. El pelo se nos sigue cayendo. La piel sigue arrug\u00e1ndose. La fuerza de la gravedad se manifiesta empujando hacia abajo nuestras orejas, narices, pechos, nalgas&#8230; El Ayuntamiento es tan inoperante como en el pasado. Todo sigue igual, aunque todo est\u00e9 cambiado. El <b><i>Pr\u00edncipe de Salina<\/i><\/b> vuelve a acertar con su cinismo amable y fatalista. Somos los mismos, erramos igual que hace un a\u00f1o (o dos, o tres, o\u2026) y los buenos prop\u00f3sitos de enmienda se empiezan a perder en el laberinto de los d\u00edas y el <b><i>dej\u00e1 vu<\/i><\/b> de la mente.<\/p>\n<p style=\"text-align: justify;\">No tenemos apa\u00f1o. Pero algo si que ha cambiado: la guerra del a\u00f1o presente, m\u00e1s chiquita que las de pasados a\u00f1os, con m\u00e1s arena, capitaneada por la <b><i>Francia<\/i><\/b> socialista de monsieur <b><i>Hollande<\/i><\/b>, que jam\u00e1s pierde la pulsi\u00f3n de la <b><i>grandeur<\/i><\/b> que puso de moda <b><i>De Gaulle<\/i><\/b> hace tanto tiempo, nos va a empujar a toda <b><i>Europa<\/i><\/b> a las arenas del <b><i>Sahara<\/i><\/b> y las del <b><i>Sahel<\/i><\/b> aunque no queramos, entre otras razones porque, dicen, no se puede permitir que las franquicias de <b><i>Al Quaeda<\/i><\/b> campeen a sus anchas tan cerca del <b><i>Mediterr\u00e1neo<\/i><\/b>, no podemos permitir que organizaciones que propugnan la imposici\u00f3n de la <b><i>Shar\u00eda<\/i><\/b> como c\u00f3digo de conducta la hagan efectiva, que la ablaci\u00f3n del cl\u00edtoris sea pr\u00e1ctica com\u00fan, que la pulsi\u00f3n medieval que todav\u00eda tiene en sus venas el islamismo actual sea <b><i>Ley<\/i><\/b> de obligado cumplimiento,(cuando s\u00f3lo deber\u00eda ser conducta voluntaria para el que as\u00ed lo quisiera) en fin, que queriendo, o sin querer, estamos metidos de hoz y coz en otra guerra.<\/p>\n<p style=\"text-align: justify;\">Y curiosamente esta vez el movimiento pacifista todav\u00eda no ha dicho esta boca es m\u00eda. \u00bfPorqu\u00e9? \u00bfQu\u00e9 razones parecen hacer m\u00e1s justa esta guerra que las anteriores contra el radicalismo islamista no ten\u00edan? \u00bfQu\u00e9 no la capitanea el <b><i>Gran Sat\u00e1n EEUU<\/i><\/b>? \u00bfLas guerras pseudocoloniales que <b><i>Francia<\/i><\/b> lleva a cabo por todo su antiguo imperio africano son correctas? \u00bfLos pacifistas espa\u00f1oles han desaparecido? \u00bfSe han convertido a la teor\u00eda de la\u00a0 <b><i>realpolitik<\/i><\/b>? \u00bfD\u00f3nde est\u00e1n las manifestaciones contra la <b><i>Guerra<\/i><\/b> y a favor de la <b><i>Paz<\/i><\/b>? \u00bfHan trasmutado nuestros pacifistas la pa\u00f1oleta palestina por la bata blanca, y est\u00e1n en las manifestaciones contra la supuesta privatizaci\u00f3n de la <b><i>S.S<\/i><\/b><b><i>.,<\/i><\/b> y no se pueden manifestar contra la guerra? \u00bfY el movimiento <b><i>15-M<\/i><\/b>? \u00bfD\u00f3nde est\u00e1? \u00bfEs un movimiento de verano? \u00bfEl invierno los adormece? Me voy a dedicar este a\u00f1o, a cambio de intentar dejar de fumar (otra vez) en responder, o encontrar respuesta a estas insidiosas preguntas que desde el primer mes de este a\u00f1o me asaltan sin piedad. Ya les contar\u00e9\u2026.<\/p>\n<p style=\"text-align: right;\"><b><i>Manuel Bordallo.<\/i><\/b><\/p>\n","protected":false},"excerpt":{"rendered":"<p>&nbsp; No se si ustedes son de esa clase de personas que cuando comienza un nuevo a\u00f1o deciden que ya vale, que ya es hora<\/p>\n","protected":false},"author":7,"featured_media":5233,"comment_status":"closed","ping_status":"open","sticky":false,"template":"","format":"standard","meta":{"footnotes":"","jetpack_publicize_message":"","jetpack_publicize_feature_enabled":true,"jetpack_social_post_already_shared":true,"jetpack_social_options":{"image_generator_settings":{"template":"highway","default_image_id":0,"font":"","enabled":false},"version":2}},"categories":[4],"tags":[54,26,17,76,245],"class_list":["post-5318","post","type-post","status-publish","format-standard","has-post-thumbnail","hentry","category-verduleria","tag-bajoaragonesa-de-agitacion-y-propaganda","tag-caspe","tag-el-agitador","tag-el-agitador-caspe","tag-manuel-bordallo"],"yoast_head":"<!-- This site is optimized with the Yoast SEO plugin v28.4 - https:\/\/yoast.com\/product\/yoast-seo-wordpress\/ -->\n<title>2013. A\u00f1o nuevo. Guerra nueva. - El Agitador<\/title>\n<meta name=\"robots\" content=\"index, follow, max-snippet:-1, max-image-preview:large, max-video-preview:-1\" \/>\n<link rel=\"canonical\" href=\"https:\/\/www.bajoaragonesa.org\/elagitador\/2013-ano-nuevo-guerra-nueva\/\" \/>\n<meta property=\"og:locale\" content=\"es_ES\" \/>\n<meta property=\"og:type\" content=\"article\" \/>\n<meta property=\"og:title\" content=\"2013. A\u00f1o nuevo. Guerra nueva. - El Agitador\" \/>\n<meta property=\"og:description\" content=\"&nbsp; No se si ustedes son de esa clase de personas que cuando comienza un nuevo a\u00f1o deciden que ya vale, que ya es hora\" \/>\n<meta property=\"og:url\" content=\"https:\/\/www.bajoaragonesa.org\/elagitador\/2013-ano-nuevo-guerra-nueva\/\" \/>\n<meta property=\"og:site_name\" content=\"El Agitador\" \/>\n<meta property=\"article:publisher\" content=\"https:\/\/www.facebook.com\/Bajoaragonesa\" \/>\n<meta property=\"article:published_time\" content=\"2013-02-03T23:01:55+00:00\" \/>\n<meta property=\"article:modified_time\" content=\"2013-02-04T18:18:10+00:00\" \/>\n<meta property=\"og:image\" content=\"https:\/\/www.bajoaragonesa.org\/elagitador\/wp-content\/uploads\/2013\/01\/Sahel.jpg\" \/>\n\t<meta property=\"og:image:width\" content=\"261\" \/>\n\t<meta property=\"og:image:height\" content=\"193\" \/>\n\t<meta property=\"og:image:type\" content=\"image\/jpeg\" \/>\n<meta name=\"author\" content=\"ManuelBG\" \/>\n<meta name=\"twitter:card\" content=\"summary_large_image\" \/>\n<meta name=\"twitter:creator\" content=\"@bajoaragonesa\" \/>\n<meta name=\"twitter:site\" content=\"@bajoaragonesa\" \/>\n<meta name=\"twitter:label1\" content=\"Escrito por\" \/>\n\t<meta name=\"twitter:data1\" content=\"ManuelBG\" \/>\n\t<meta name=\"twitter:label2\" content=\"Tiempo de lectura\" \/>\n\t<meta name=\"twitter:data2\" content=\"3 minutos\" \/>\n<script type=\"application\/ld+json\" class=\"yoast-schema-graph\">{\"@context\":\"https:\\\/\\\/schema.org\",\"@graph\":[{\"@type\":\"Article\",\"@id\":\"https:\\\/\\\/www.bajoaragonesa.org\\\/elagitador\\\/2013-ano-nuevo-guerra-nueva\\\/#article\",\"isPartOf\":{\"@id\":\"https:\\\/\\\/www.bajoaragonesa.org\\\/elagitador\\\/2013-ano-nuevo-guerra-nueva\\\/\"},\"author\":{\"name\":\"ManuelBG\",\"@id\":\"https:\\\/\\\/www.bajoaragonesa.org\\\/elagitador\\\/#\\\/schema\\\/person\\\/25e0445d18ae31a6e9d14711da73a3eb\"},\"headline\":\"2013. A\u00f1o nuevo. Guerra nueva.\",\"datePublished\":\"2013-02-03T23:01:55+00:00\",\"dateModified\":\"2013-02-04T18:18:10+00:00\",\"mainEntityOfPage\":{\"@id\":\"https:\\\/\\\/www.bajoaragonesa.org\\\/elagitador\\\/2013-ano-nuevo-guerra-nueva\\\/\"},\"wordCount\":631,\"image\":{\"@id\":\"https:\\\/\\\/www.bajoaragonesa.org\\\/elagitador\\\/2013-ano-nuevo-guerra-nueva\\\/#primaryimage\"},\"thumbnailUrl\":\"https:\\\/\\\/www.bajoaragonesa.org\\\/elagitador\\\/wp-content\\\/uploads\\\/2013\\\/01\\\/Sahel.jpg\",\"keywords\":[\"Bajoaragonesa de Agitaci\u00f3n y Propaganda\",\"Caspe\",\"El Agitador\",\"El Agitador Caspe\",\"Manuel Bordallo\"],\"articleSection\":[\"Verduler\u00eda\"],\"inLanguage\":\"es\"},{\"@type\":\"WebPage\",\"@id\":\"https:\\\/\\\/www.bajoaragonesa.org\\\/elagitador\\\/2013-ano-nuevo-guerra-nueva\\\/\",\"url\":\"https:\\\/\\\/www.bajoaragonesa.org\\\/elagitador\\\/2013-ano-nuevo-guerra-nueva\\\/\",\"name\":\"2013. A\u00f1o nuevo. Guerra nueva. - El Agitador\",\"isPartOf\":{\"@id\":\"https:\\\/\\\/www.bajoaragonesa.org\\\/elagitador\\\/#website\"},\"primaryImageOfPage\":{\"@id\":\"https:\\\/\\\/www.bajoaragonesa.org\\\/elagitador\\\/2013-ano-nuevo-guerra-nueva\\\/#primaryimage\"},\"image\":{\"@id\":\"https:\\\/\\\/www.bajoaragonesa.org\\\/elagitador\\\/2013-ano-nuevo-guerra-nueva\\\/#primaryimage\"},\"thumbnailUrl\":\"https:\\\/\\\/www.bajoaragonesa.org\\\/elagitador\\\/wp-content\\\/uploads\\\/2013\\\/01\\\/Sahel.jpg\",\"datePublished\":\"2013-02-03T23:01:55+00:00\",\"dateModified\":\"2013-02-04T18:18:10+00:00\",\"author\":{\"@id\":\"https:\\\/\\\/www.bajoaragonesa.org\\\/elagitador\\\/#\\\/schema\\\/person\\\/25e0445d18ae31a6e9d14711da73a3eb\"},\"breadcrumb\":{\"@id\":\"https:\\\/\\\/www.bajoaragonesa.org\\\/elagitador\\\/2013-ano-nuevo-guerra-nueva\\\/#breadcrumb\"},\"inLanguage\":\"es\",\"potentialAction\":[{\"@type\":\"ReadAction\",\"target\":[\"https:\\\/\\\/www.bajoaragonesa.org\\\/elagitador\\\/2013-ano-nuevo-guerra-nueva\\\/\"]}]},{\"@type\":\"ImageObject\",\"inLanguage\":\"es\",\"@id\":\"https:\\\/\\\/www.bajoaragonesa.org\\\/elagitador\\\/2013-ano-nuevo-guerra-nueva\\\/#primaryimage\",\"url\":\"https:\\\/\\\/www.bajoaragonesa.org\\\/elagitador\\\/wp-content\\\/uploads\\\/2013\\\/01\\\/Sahel.jpg\",\"contentUrl\":\"https:\\\/\\\/www.bajoaragonesa.org\\\/elagitador\\\/wp-content\\\/uploads\\\/2013\\\/01\\\/Sahel.jpg\",\"width\":261,\"height\":193},{\"@type\":\"BreadcrumbList\",\"@id\":\"https:\\\/\\\/www.bajoaragonesa.org\\\/elagitador\\\/2013-ano-nuevo-guerra-nueva\\\/#breadcrumb\",\"itemListElement\":[{\"@type\":\"ListItem\",\"position\":1,\"name\":\"Portada\",\"item\":\"https:\\\/\\\/www.bajoaragonesa.org\\\/elagitador\\\/\"},{\"@type\":\"ListItem\",\"position\":2,\"name\":\"2013. A\u00f1o nuevo. Guerra nueva.\"}]},{\"@type\":\"WebSite\",\"@id\":\"https:\\\/\\\/www.bajoaragonesa.org\\\/elagitador\\\/#website\",\"url\":\"https:\\\/\\\/www.bajoaragonesa.org\\\/elagitador\\\/\",\"name\":\"El Agitador\",\"description\":\"Una publicaci\u00f3n de Bajoaragonesa de Agitaci\u00f3n y Propaganda\",\"potentialAction\":[{\"@type\":\"SearchAction\",\"target\":{\"@type\":\"EntryPoint\",\"urlTemplate\":\"https:\\\/\\\/www.bajoaragonesa.org\\\/elagitador\\\/?s={search_term_string}\"},\"query-input\":{\"@type\":\"PropertyValueSpecification\",\"valueRequired\":true,\"valueName\":\"search_term_string\"}}],\"inLanguage\":\"es\"},{\"@type\":\"Person\",\"@id\":\"https:\\\/\\\/www.bajoaragonesa.org\\\/elagitador\\\/#\\\/schema\\\/person\\\/25e0445d18ae31a6e9d14711da73a3eb\",\"name\":\"ManuelBG\",\"image\":{\"@type\":\"ImageObject\",\"inLanguage\":\"es\",\"@id\":\"https:\\\/\\\/secure.gravatar.com\\\/avatar\\\/450f94878f1aaaffc26e1e7ba5cf4d585245a54f8beb2d6a288745cb5b9d4571?s=96&d=identicon&r=g\",\"url\":\"https:\\\/\\\/secure.gravatar.com\\\/avatar\\\/450f94878f1aaaffc26e1e7ba5cf4d585245a54f8beb2d6a288745cb5b9d4571?s=96&d=identicon&r=g\",\"contentUrl\":\"https:\\\/\\\/secure.gravatar.com\\\/avatar\\\/450f94878f1aaaffc26e1e7ba5cf4d585245a54f8beb2d6a288745cb5b9d4571?s=96&d=identicon&r=g\",\"caption\":\"ManuelBG\"},\"url\":\"https:\\\/\\\/www.bajoaragonesa.org\\\/elagitador\\\/author\\\/manuelbg\\\/\"}]}<\/script>\n<!-- \/ Yoast SEO plugin. -->","yoast_head_json":{"title":"2013. A\u00f1o nuevo. Guerra nueva. - El Agitador","robots":{"index":"index","follow":"follow","max-snippet":"max-snippet:-1","max-image-preview":"max-image-preview:large","max-video-preview":"max-video-preview:-1"},"canonical":"https:\/\/www.bajoaragonesa.org\/elagitador\/2013-ano-nuevo-guerra-nueva\/","og_locale":"es_ES","og_type":"article","og_title":"2013. A\u00f1o nuevo. Guerra nueva. - El Agitador","og_description":"&nbsp; No se si ustedes son de esa clase de personas que cuando comienza un nuevo a\u00f1o deciden que ya vale, que ya es hora","og_url":"https:\/\/www.bajoaragonesa.org\/elagitador\/2013-ano-nuevo-guerra-nueva\/","og_site_name":"El Agitador","article_publisher":"https:\/\/www.facebook.com\/Bajoaragonesa","article_published_time":"2013-02-03T23:01:55+00:00","article_modified_time":"2013-02-04T18:18:10+00:00","og_image":[{"width":261,"height":193,"url":"https:\/\/www.bajoaragonesa.org\/elagitador\/wp-content\/uploads\/2013\/01\/Sahel.jpg","type":"image\/jpeg"}],"author":"ManuelBG","twitter_card":"summary_large_image","twitter_creator":"@bajoaragonesa","twitter_site":"@bajoaragonesa","twitter_misc":{"Escrito por":"ManuelBG","Tiempo de lectura":"3 minutos"},"schema":{"@context":"https:\/\/schema.org","@graph":[{"@type":"Article","@id":"https:\/\/www.bajoaragonesa.org\/elagitador\/2013-ano-nuevo-guerra-nueva\/#article","isPartOf":{"@id":"https:\/\/www.bajoaragonesa.org\/elagitador\/2013-ano-nuevo-guerra-nueva\/"},"author":{"name":"ManuelBG","@id":"https:\/\/www.bajoaragonesa.org\/elagitador\/#\/schema\/person\/25e0445d18ae31a6e9d14711da73a3eb"},"headline":"2013. A\u00f1o nuevo. Guerra nueva.","datePublished":"2013-02-03T23:01:55+00:00","dateModified":"2013-02-04T18:18:10+00:00","mainEntityOfPage":{"@id":"https:\/\/www.bajoaragonesa.org\/elagitador\/2013-ano-nuevo-guerra-nueva\/"},"wordCount":631,"image":{"@id":"https:\/\/www.bajoaragonesa.org\/elagitador\/2013-ano-nuevo-guerra-nueva\/#primaryimage"},"thumbnailUrl":"https:\/\/www.bajoaragonesa.org\/elagitador\/wp-content\/uploads\/2013\/01\/Sahel.jpg","keywords":["Bajoaragonesa de Agitaci\u00f3n y Propaganda","Caspe","El Agitador","El Agitador Caspe","Manuel Bordallo"],"articleSection":["Verduler\u00eda"],"inLanguage":"es"},{"@type":"WebPage","@id":"https:\/\/www.bajoaragonesa.org\/elagitador\/2013-ano-nuevo-guerra-nueva\/","url":"https:\/\/www.bajoaragonesa.org\/elagitador\/2013-ano-nuevo-guerra-nueva\/","name":"2013. A\u00f1o nuevo. Guerra nueva. - El Agitador","isPartOf":{"@id":"https:\/\/www.bajoaragonesa.org\/elagitador\/#website"},"primaryImageOfPage":{"@id":"https:\/\/www.bajoaragonesa.org\/elagitador\/2013-ano-nuevo-guerra-nueva\/#primaryimage"},"image":{"@id":"https:\/\/www.bajoaragonesa.org\/elagitador\/2013-ano-nuevo-guerra-nueva\/#primaryimage"},"thumbnailUrl":"https:\/\/www.bajoaragonesa.org\/elagitador\/wp-content\/uploads\/2013\/01\/Sahel.jpg","datePublished":"2013-02-03T23:01:55+00:00","dateModified":"2013-02-04T18:18:10+00:00","author":{"@id":"https:\/\/www.bajoaragonesa.org\/elagitador\/#\/schema\/person\/25e0445d18ae31a6e9d14711da73a3eb"},"breadcrumb":{"@id":"https:\/\/www.bajoaragonesa.org\/elagitador\/2013-ano-nuevo-guerra-nueva\/#breadcrumb"},"inLanguage":"es","potentialAction":[{"@type":"ReadAction","target":["https:\/\/www.bajoaragonesa.org\/elagitador\/2013-ano-nuevo-guerra-nueva\/"]}]},{"@type":"ImageObject","inLanguage":"es","@id":"https:\/\/www.bajoaragonesa.org\/elagitador\/2013-ano-nuevo-guerra-nueva\/#primaryimage","url":"https:\/\/www.bajoaragonesa.org\/elagitador\/wp-content\/uploads\/2013\/01\/Sahel.jpg","contentUrl":"https:\/\/www.bajoaragonesa.org\/elagitador\/wp-content\/uploads\/2013\/01\/Sahel.jpg","width":261,"height":193},{"@type":"BreadcrumbList","@id":"https:\/\/www.bajoaragonesa.org\/elagitador\/2013-ano-nuevo-guerra-nueva\/#breadcrumb","itemListElement":[{"@type":"ListItem","position":1,"name":"Portada","item":"https:\/\/www.bajoaragonesa.org\/elagitador\/"},{"@type":"ListItem","position":2,"name":"2013. A\u00f1o nuevo. Guerra nueva."}]},{"@type":"WebSite","@id":"https:\/\/www.bajoaragonesa.org\/elagitador\/#website","url":"https:\/\/www.bajoaragonesa.org\/elagitador\/","name":"El Agitador","description":"Una publicaci\u00f3n de Bajoaragonesa de Agitaci\u00f3n y Propaganda","potentialAction":[{"@type":"SearchAction","target":{"@type":"EntryPoint","urlTemplate":"https:\/\/www.bajoaragonesa.org\/elagitador\/?s={search_term_string}"},"query-input":{"@type":"PropertyValueSpecification","valueRequired":true,"valueName":"search_term_string"}}],"inLanguage":"es"},{"@type":"Person","@id":"https:\/\/www.bajoaragonesa.org\/elagitador\/#\/schema\/person\/25e0445d18ae31a6e9d14711da73a3eb","name":"ManuelBG","image":{"@type":"ImageObject","inLanguage":"es","@id":"https:\/\/secure.gravatar.com\/avatar\/450f94878f1aaaffc26e1e7ba5cf4d585245a54f8beb2d6a288745cb5b9d4571?s=96&d=identicon&r=g","url":"https:\/\/secure.gravatar.com\/avatar\/450f94878f1aaaffc26e1e7ba5cf4d585245a54f8beb2d6a288745cb5b9d4571?s=96&d=identicon&r=g","contentUrl":"https:\/\/secure.gravatar.com\/avatar\/450f94878f1aaaffc26e1e7ba5cf4d585245a54f8beb2d6a288745cb5b9d4571?s=96&d=identicon&r=g","caption":"ManuelBG"},"url":"https:\/\/www.bajoaragonesa.org\/elagitador\/author\/manuelbg\/"}]}},"jetpack_publicize_connections":[],"jetpack_featured_media_url":"https:\/\/www.bajoaragonesa.org\/elagitador\/wp-content\/uploads\/2013\/01\/Sahel.jpg","_links":{"self":[{"href":"https:\/\/www.bajoaragonesa.org\/elagitador\/wp-json\/wp\/v2\/posts\/5318","targetHints":{"allow":["GET"]}}],"collection":[{"href":"https:\/\/www.bajoaragonesa.org\/elagitador\/wp-json\/wp\/v2\/posts"}],"about":[{"href":"https:\/\/www.bajoaragonesa.org\/elagitador\/wp-json\/wp\/v2\/types\/post"}],"author":[{"embeddable":true,"href":"https:\/\/www.bajoaragonesa.org\/elagitador\/wp-json\/wp\/v2\/users\/7"}],"replies":[{"embeddable":true,"href":"https:\/\/www.bajoaragonesa.org\/elagitador\/wp-json\/wp\/v2\/comments?post=5318"}],"version-history":[{"count":0,"href":"https:\/\/www.bajoaragonesa.org\/elagitador\/wp-json\/wp\/v2\/posts\/5318\/revisions"}],"wp:featuredmedia":[{"embeddable":true,"href":"https:\/\/www.bajoaragonesa.org\/elagitador\/wp-json\/wp\/v2\/media\/5233"}],"wp:attachment":[{"href":"https:\/\/www.bajoaragonesa.org\/elagitador\/wp-json\/wp\/v2\/media?parent=5318"}],"wp:term":[{"taxonomy":"category","embeddable":true,"href":"https:\/\/www.bajoaragonesa.org\/elagitador\/wp-json\/wp\/v2\/categories?post=5318"},{"taxonomy":"post_tag","embeddable":true,"href":"https:\/\/www.bajoaragonesa.org\/elagitador\/wp-json\/wp\/v2\/tags?post=5318"}],"curies":[{"name":"wp","href":"https:\/\/api.w.org\/{rel}","templated":true}]}}