{"id":5353,"date":"2013-02-06T01:05:10","date_gmt":"2013-02-06T00:05:10","guid":{"rendered":"http:\/\/www.bajoaragonesa.org\/elagitador\/?p=5353"},"modified":"2013-02-20T18:05:43","modified_gmt":"2013-02-20T17:05:43","slug":"un-cerdo-en-diciembre-o-la-cronica-de-una-muerte-anunciada","status":"publish","type":"post","link":"https:\/\/www.bajoaragonesa.org\/elagitador\/un-cerdo-en-diciembre-o-la-cronica-de-una-muerte-anunciada\/","title":{"rendered":"Un cerdo en diciembre o la cr\u00f3nica de una muerte anunciada."},"content":{"rendered":"<p><img loading=\"lazy\" decoding=\"async\" class=\"aligncenter size-medium wp-image-5382\" alt=\"046\" src=\"http:\/\/www.bajoaragonesa.org\/elagitador\/wp-content\/uploads\/2013\/02\/046-288x209.jpg\" width=\"288\" height=\"209\" \/><\/p>\n<p style=\"text-align: justify;\">Asist\u00ed a una matac\u00eda hace muchos a\u00f1os y no me gust\u00f3. Creo que el matach\u00edn no era lo suficientemente experto y la cosa dur\u00f3 demasiado. No solo me aburr\u00ed sino que acab\u00e9 un poco harto de las bromas sin gracia a costa del bicho muerto, del exceso de sangre y, por qu\u00e9 no decirlo, del propio matach\u00edn. Quer\u00eda resarcirme de aquella experiencia negativa y ped\u00ed a unos amigos que cada a\u00f1o matan un par de cerdos que, por favor, me aceptasen en la pr\u00f3xima. Mi ruego no cay\u00f3 en saco roto.<\/p>\n<p><img loading=\"lazy\" decoding=\"async\" class=\"aligncenter size-medium wp-image-5355\" alt=\"004\" src=\"http:\/\/www.bajoaragonesa.org\/elagitador\/wp-content\/uploads\/2013\/02\/004-288x260.jpg\" width=\"288\" height=\"260\" \/><\/p>\n<p>&nbsp;<\/p>\n<p style=\"text-align: justify;\">Yo esperaba llegar al campo de mi amigo\u00a0habi\u00e9ndome\u00a0enfrentado previamente a todos los elementos,\u00a0despu\u00e9s\u00a0de atravesar una espesa cortina de niebla matutina y de desafiar al invierno, que acechaba m\u00e1s all\u00e1 de los cristales del coche como un fr\u00edo presagio de la muerte que me dispon\u00eda a presenciar. \u00a0Nada de eso ocurri\u00f3. El sol luc\u00eda en el cielo y la temperatura era casi primaveral. Primer t\u00f3pico que se desmontaba. <em>\u00abAl menos podr\u00e9 presenciar el ancestral enfrentamiento entre la vida y la muerte, entre eros y thanatos, entre el cerdo que expira y la vida que contin\u00faa en la despensa y el estomago de los humanos\u00bb<\/em>, me dije. Segundo t\u00f3pico que se iba a cascarla.\u00a0Cuando llegu\u00e9, el gorrino ya hab\u00eda sido sacrificado y lo que me encontr\u00e9 fue una enorme masa de carne limpia y seca extendida sobre una mesa en la que cuatro manos expertas se mov\u00edan con una precisi\u00f3n casi rob\u00f3tica.<\/p>\n<p><img loading=\"lazy\" decoding=\"async\" class=\"aligncenter size-medium wp-image-5357\" alt=\"013\" src=\"http:\/\/www.bajoaragonesa.org\/elagitador\/wp-content\/uploads\/2013\/02\/013-288x175.jpg\" width=\"288\" height=\"175\" \/><\/p>\n<p style=\"text-align: justify;\"><img loading=\"lazy\" decoding=\"async\" class=\"aligncenter size-medium wp-image-5371\" alt=\"014\" src=\"http:\/\/www.bajoaragonesa.org\/elagitador\/wp-content\/uploads\/2013\/02\/014-288x252.jpg\" width=\"288\" height=\"252\" srcset=\"https:\/\/www.bajoaragonesa.org\/elagitador\/wp-content\/uploads\/2013\/02\/014-288x252.jpg 288w, https:\/\/www.bajoaragonesa.org\/elagitador\/wp-content\/uploads\/2013\/02\/014-494x433.jpg 494w, https:\/\/www.bajoaragonesa.org\/elagitador\/wp-content\/uploads\/2013\/02\/014-71x61.jpg 71w, https:\/\/www.bajoaragonesa.org\/elagitador\/wp-content\/uploads\/2013\/02\/014-61x54.jpg 61w, https:\/\/www.bajoaragonesa.org\/elagitador\/wp-content\/uploads\/2013\/02\/014.jpg 854w\" sizes=\"auto, (max-width: 288px) 100vw, 288px\" \/><\/p>\n<p style=\"text-align: justify;\"><img loading=\"lazy\" decoding=\"async\" class=\"aligncenter size-medium wp-image-5358\" alt=\"002\" src=\"http:\/\/www.bajoaragonesa.org\/elagitador\/wp-content\/uploads\/2013\/02\/002-234x288.jpg\" width=\"234\" height=\"288\" \/><\/p>\n<p style=\"text-align: justify;\"><span style=\"text-align: justify;\">Bien mirado aquello ten\u00eda poco de ex\u00f3tico. Hab\u00eda orden, limpieza, conocimiento del medio y profesionalidad. Aquellos hombres sab\u00edan perfectamente lo que hac\u00edan. Se mov\u00edan con rapidez. Manejaban sus afilados cuchillos con la misma pericia con la que un cirujano empalmaba dos arterias o un piloto veterano propiciaba el aterrizaje de su avi\u00f3n. Luego me contaron que, haber llegado tarde, hab\u00eda hecho que me perdiera los momentos m\u00e1s dram\u00e1ticos de la ma\u00f1ana. El animal colgado boca abajo de la pala de un tractor, la hoja met\u00e1lica penetrando en su carne asustada, la sangre espesa y humeante, el afeitado ceremonial.<em> \u00abMejor as\u00ed\u00bb,<\/em> me dec\u00eda a mi mismo con la boca repleta de aquellas primeras piezas de carne asada que iban llegando en bandejas rebosantes.<\/span><\/p>\n<p>&nbsp;<\/p>\n<p><img loading=\"lazy\" decoding=\"async\" class=\"aligncenter size-medium wp-image-5360\" alt=\"015\" src=\"http:\/\/www.bajoaragonesa.org\/elagitador\/wp-content\/uploads\/2013\/02\/015-288x233.jpg\" width=\"288\" height=\"233\" srcset=\"https:\/\/www.bajoaragonesa.org\/elagitador\/wp-content\/uploads\/2013\/02\/015-288x233.jpg 288w, https:\/\/www.bajoaragonesa.org\/elagitador\/wp-content\/uploads\/2013\/02\/015-494x401.jpg 494w, https:\/\/www.bajoaragonesa.org\/elagitador\/wp-content\/uploads\/2013\/02\/015-64x53.jpg 64w, https:\/\/www.bajoaragonesa.org\/elagitador\/wp-content\/uploads\/2013\/02\/015-67x53.jpg 67w, https:\/\/www.bajoaragonesa.org\/elagitador\/wp-content\/uploads\/2013\/02\/015.jpg 814w\" sizes=\"auto, (max-width: 288px) 100vw, 288px\" \/><\/p>\n<p>&nbsp;<\/p>\n<p>El resto de la ma\u00f1ana signific\u00f3 m\u00e1s o menos lo mismo. Mucho trabajo bien hecho. Muchas bandejas de carne. Mucho vino. Mucho humo. Mi boca permanentemente repleta. Mi mandibula en constante movimiento. El sol en lo alto y los trofeos expuestos a la vista de todos.<\/p>\n<p><img loading=\"lazy\" decoding=\"async\" class=\"aligncenter size-medium wp-image-5363\" alt=\"021\" src=\"http:\/\/www.bajoaragonesa.org\/elagitador\/wp-content\/uploads\/2013\/02\/021-214x288.jpg\" width=\"214\" height=\"288\" srcset=\"https:\/\/www.bajoaragonesa.org\/elagitador\/wp-content\/uploads\/2013\/02\/021-214x288.jpg 214w, https:\/\/www.bajoaragonesa.org\/elagitador\/wp-content\/uploads\/2013\/02\/021-367x494.jpg 367w, https:\/\/www.bajoaragonesa.org\/elagitador\/wp-content\/uploads\/2013\/02\/021.jpg 672w\" sizes=\"auto, (max-width: 214px) 100vw, 214px\" \/><\/p>\n<p><img loading=\"lazy\" decoding=\"async\" class=\"aligncenter size-medium wp-image-5364\" alt=\"010\" src=\"http:\/\/www.bajoaragonesa.org\/elagitador\/wp-content\/uploads\/2013\/02\/010-258x288.jpg\" width=\"258\" height=\"288\" \/><\/p>\n<p><img loading=\"lazy\" decoding=\"async\" class=\"aligncenter size-medium wp-image-5369\" alt=\"024\" src=\"http:\/\/www.bajoaragonesa.org\/elagitador\/wp-content\/uploads\/2013\/02\/024-288x220.jpg\" width=\"288\" height=\"220\" srcset=\"https:\/\/www.bajoaragonesa.org\/elagitador\/wp-content\/uploads\/2013\/02\/024-288x220.jpg 288w, https:\/\/www.bajoaragonesa.org\/elagitador\/wp-content\/uploads\/2013\/02\/024-494x377.jpg 494w, https:\/\/www.bajoaragonesa.org\/elagitador\/wp-content\/uploads\/2013\/02\/024.jpg 975w\" sizes=\"auto, (max-width: 288px) 100vw, 288px\" \/><\/p>\n<p style=\"text-align: justify;\"><img loading=\"lazy\" decoding=\"async\" class=\"aligncenter size-medium wp-image-5370\" alt=\"025\" src=\"http:\/\/www.bajoaragonesa.org\/elagitador\/wp-content\/uploads\/2013\/02\/025-216x288.jpg\" width=\"216\" height=\"288\" \/><\/p>\n<p style=\"text-align: justify;\"><img loading=\"lazy\" decoding=\"async\" class=\"aligncenter size-medium wp-image-5365\" alt=\"027\" src=\"http:\/\/www.bajoaragonesa.org\/elagitador\/wp-content\/uploads\/2013\/02\/027-288x206.jpg\" width=\"288\" height=\"206\" srcset=\"https:\/\/www.bajoaragonesa.org\/elagitador\/wp-content\/uploads\/2013\/02\/027-288x206.jpg 288w, https:\/\/www.bajoaragonesa.org\/elagitador\/wp-content\/uploads\/2013\/02\/027-494x353.jpg 494w, https:\/\/www.bajoaragonesa.org\/elagitador\/wp-content\/uploads\/2013\/02\/027.jpg 835w\" sizes=\"auto, (max-width: 288px) 100vw, 288px\" \/><\/p>\n<p style=\"text-align: justify;\"><span style=\"text-align: justify;\">\u00bfHe dicho ya que com\u00ed como un rey? \u00bfHe dicho ya que beb\u00ed como un naufrago, que el sol brillaba como si fuera agosto y que las bandejas de carne me persegu\u00edan yendo y viniendo sin descanso desde las brasas hasta donde yo me encontraba? \u00bfHe dicho ya que tambi\u00e9n com\u00ed torta y beb\u00ed caf\u00e9 y licores?\u00a0 \u00bfHe dicho ya que bajo el sol veraniego de diciembre se hace bien la digesti\u00f3n y el tiempo pasa muy muy despacio? \u00bfHe dicho ya que el a\u00f1o que viene espero volver?\u00a0<\/span><\/p>\n<p style=\"text-align: right;\"><strong>Jes\u00fas Cirac<\/strong><\/p>\n<p style=\"text-align: justify;\"><img loading=\"lazy\" decoding=\"async\" class=\"aligncenter size-medium wp-image-5375\" alt=\"020\" src=\"http:\/\/www.bajoaragonesa.org\/elagitador\/wp-content\/uploads\/2013\/02\/020-288x199.jpg\" width=\"288\" height=\"199\" \/><\/p>\n<p style=\"text-align: justify;\"><img loading=\"lazy\" decoding=\"async\" class=\"aligncenter size-medium wp-image-5374\" alt=\"030\" src=\"http:\/\/www.bajoaragonesa.org\/elagitador\/wp-content\/uploads\/2013\/02\/030-288x218.jpg\" width=\"288\" height=\"218\" \/><\/p>\n<p style=\"text-align: right;\"><strong>\u00a0<\/strong><\/p>\n","protected":false},"excerpt":{"rendered":"<p>Asist\u00ed a una matac\u00eda hace muchos a\u00f1os y no me gust\u00f3. Creo que el matach\u00edn no era lo suficientemente experto y la cosa dur\u00f3 demasiado.<\/p>\n","protected":false},"author":12,"featured_media":5365,"comment_status":"closed","ping_status":"open","sticky":false,"template":"","format":"standard","meta":{"footnotes":"","jetpack_publicize_message":"","jetpack_publicize_feature_enabled":true,"jetpack_social_post_already_shared":true,"jetpack_social_options":{"image_generator_settings":{"template":"highway","default_image_id":0,"font":"","enabled":false},"version":2}},"categories":[5],"tags":[54,1776,76,1266,1772,1774,1773,1775],"class_list":["post-5353","post","type-post","status-publish","format-standard","has-post-thumbnail","hentry","category-grandtour","tag-bajoaragonesa-de-agitacion-y-propaganda","tag-carne","tag-el-agitador-caspe","tag-fotos","tag-matacia","tag-matanza-de-texas","tag-matanza-del-cerdo","tag-tocino"],"yoast_head":"<!-- This site is optimized with the Yoast SEO plugin v28.4 - https:\/\/yoast.com\/product\/yoast-seo-wordpress\/ -->\n<title>Un cerdo en diciembre o la cr\u00f3nica de una muerte anunciada. - El Agitador<\/title>\n<meta name=\"robots\" content=\"index, follow, max-snippet:-1, max-image-preview:large, max-video-preview:-1\" \/>\n<link rel=\"canonical\" href=\"https:\/\/www.bajoaragonesa.org\/elagitador\/un-cerdo-en-diciembre-o-la-cronica-de-una-muerte-anunciada\/\" \/>\n<meta property=\"og:locale\" content=\"es_ES\" \/>\n<meta property=\"og:type\" content=\"article\" \/>\n<meta property=\"og:title\" content=\"Un cerdo en diciembre o la cr\u00f3nica de una muerte anunciada. - El Agitador\" \/>\n<meta property=\"og:description\" content=\"Asist\u00ed a una matac\u00eda hace muchos a\u00f1os y no me gust\u00f3. Creo que el matach\u00edn no era lo suficientemente experto y la cosa dur\u00f3 demasiado.\" \/>\n<meta property=\"og:url\" content=\"https:\/\/www.bajoaragonesa.org\/elagitador\/un-cerdo-en-diciembre-o-la-cronica-de-una-muerte-anunciada\/\" \/>\n<meta property=\"og:site_name\" content=\"El Agitador\" \/>\n<meta property=\"article:publisher\" content=\"https:\/\/www.facebook.com\/Bajoaragonesa\" \/>\n<meta property=\"article:published_time\" content=\"2013-02-06T00:05:10+00:00\" \/>\n<meta property=\"article:modified_time\" content=\"2013-02-20T17:05:43+00:00\" \/>\n<meta property=\"og:image\" content=\"https:\/\/www.bajoaragonesa.org\/elagitador\/wp-content\/uploads\/2013\/02\/027.jpg\" \/>\n\t<meta property=\"og:image:width\" content=\"835\" \/>\n\t<meta property=\"og:image:height\" content=\"598\" \/>\n\t<meta property=\"og:image:type\" content=\"image\/jpeg\" \/>\n<meta name=\"author\" content=\"ElAgitador\" \/>\n<meta name=\"twitter:card\" content=\"summary_large_image\" \/>\n<meta name=\"twitter:creator\" content=\"@bajoaragonesa\" \/>\n<meta name=\"twitter:site\" content=\"@bajoaragonesa\" \/>\n<meta name=\"twitter:label1\" content=\"Escrito por\" \/>\n\t<meta name=\"twitter:data1\" content=\"ElAgitador\" \/>\n\t<meta name=\"twitter:label2\" content=\"Tiempo de lectura\" \/>\n\t<meta name=\"twitter:data2\" content=\"3 minutos\" \/>\n<script type=\"application\/ld+json\" class=\"yoast-schema-graph\">{\"@context\":\"https:\\\/\\\/schema.org\",\"@graph\":[{\"@type\":\"Article\",\"@id\":\"https:\\\/\\\/www.bajoaragonesa.org\\\/elagitador\\\/un-cerdo-en-diciembre-o-la-cronica-de-una-muerte-anunciada\\\/#article\",\"isPartOf\":{\"@id\":\"https:\\\/\\\/www.bajoaragonesa.org\\\/elagitador\\\/un-cerdo-en-diciembre-o-la-cronica-de-una-muerte-anunciada\\\/\"},\"author\":{\"name\":\"ElAgitador\",\"@id\":\"https:\\\/\\\/www.bajoaragonesa.org\\\/elagitador\\\/#\\\/schema\\\/person\\\/872d64f1366d7fadd0011541a15fcc88\"},\"headline\":\"Un cerdo en diciembre o la cr\u00f3nica de una muerte anunciada.\",\"datePublished\":\"2013-02-06T00:05:10+00:00\",\"dateModified\":\"2013-02-20T17:05:43+00:00\",\"mainEntityOfPage\":{\"@id\":\"https:\\\/\\\/www.bajoaragonesa.org\\\/elagitador\\\/un-cerdo-en-diciembre-o-la-cronica-de-una-muerte-anunciada\\\/\"},\"wordCount\":560,\"image\":{\"@id\":\"https:\\\/\\\/www.bajoaragonesa.org\\\/elagitador\\\/un-cerdo-en-diciembre-o-la-cronica-de-una-muerte-anunciada\\\/#primaryimage\"},\"thumbnailUrl\":\"https:\\\/\\\/www.bajoaragonesa.org\\\/elagitador\\\/wp-content\\\/uploads\\\/2013\\\/02\\\/027.jpg\",\"keywords\":[\"Bajoaragonesa de Agitaci\u00f3n y Propaganda\",\"carne\",\"El Agitador Caspe\",\"fotos\",\"matac\u00eda\",\"matanza de texas\",\"matanza del cerdo\",\"tocino\"],\"articleSection\":[\"Grand Tour\"],\"inLanguage\":\"es\"},{\"@type\":\"WebPage\",\"@id\":\"https:\\\/\\\/www.bajoaragonesa.org\\\/elagitador\\\/un-cerdo-en-diciembre-o-la-cronica-de-una-muerte-anunciada\\\/\",\"url\":\"https:\\\/\\\/www.bajoaragonesa.org\\\/elagitador\\\/un-cerdo-en-diciembre-o-la-cronica-de-una-muerte-anunciada\\\/\",\"name\":\"Un cerdo en diciembre o la cr\u00f3nica de una muerte anunciada. - El Agitador\",\"isPartOf\":{\"@id\":\"https:\\\/\\\/www.bajoaragonesa.org\\\/elagitador\\\/#website\"},\"primaryImageOfPage\":{\"@id\":\"https:\\\/\\\/www.bajoaragonesa.org\\\/elagitador\\\/un-cerdo-en-diciembre-o-la-cronica-de-una-muerte-anunciada\\\/#primaryimage\"},\"image\":{\"@id\":\"https:\\\/\\\/www.bajoaragonesa.org\\\/elagitador\\\/un-cerdo-en-diciembre-o-la-cronica-de-una-muerte-anunciada\\\/#primaryimage\"},\"thumbnailUrl\":\"https:\\\/\\\/www.bajoaragonesa.org\\\/elagitador\\\/wp-content\\\/uploads\\\/2013\\\/02\\\/027.jpg\",\"datePublished\":\"2013-02-06T00:05:10+00:00\",\"dateModified\":\"2013-02-20T17:05:43+00:00\",\"author\":{\"@id\":\"https:\\\/\\\/www.bajoaragonesa.org\\\/elagitador\\\/#\\\/schema\\\/person\\\/872d64f1366d7fadd0011541a15fcc88\"},\"breadcrumb\":{\"@id\":\"https:\\\/\\\/www.bajoaragonesa.org\\\/elagitador\\\/un-cerdo-en-diciembre-o-la-cronica-de-una-muerte-anunciada\\\/#breadcrumb\"},\"inLanguage\":\"es\",\"potentialAction\":[{\"@type\":\"ReadAction\",\"target\":[\"https:\\\/\\\/www.bajoaragonesa.org\\\/elagitador\\\/un-cerdo-en-diciembre-o-la-cronica-de-una-muerte-anunciada\\\/\"]}]},{\"@type\":\"ImageObject\",\"inLanguage\":\"es\",\"@id\":\"https:\\\/\\\/www.bajoaragonesa.org\\\/elagitador\\\/un-cerdo-en-diciembre-o-la-cronica-de-una-muerte-anunciada\\\/#primaryimage\",\"url\":\"https:\\\/\\\/www.bajoaragonesa.org\\\/elagitador\\\/wp-content\\\/uploads\\\/2013\\\/02\\\/027.jpg\",\"contentUrl\":\"https:\\\/\\\/www.bajoaragonesa.org\\\/elagitador\\\/wp-content\\\/uploads\\\/2013\\\/02\\\/027.jpg\",\"width\":835,\"height\":598},{\"@type\":\"BreadcrumbList\",\"@id\":\"https:\\\/\\\/www.bajoaragonesa.org\\\/elagitador\\\/un-cerdo-en-diciembre-o-la-cronica-de-una-muerte-anunciada\\\/#breadcrumb\",\"itemListElement\":[{\"@type\":\"ListItem\",\"position\":1,\"name\":\"Portada\",\"item\":\"https:\\\/\\\/www.bajoaragonesa.org\\\/elagitador\\\/\"},{\"@type\":\"ListItem\",\"position\":2,\"name\":\"Un cerdo en diciembre o la cr\u00f3nica de una muerte anunciada.\"}]},{\"@type\":\"WebSite\",\"@id\":\"https:\\\/\\\/www.bajoaragonesa.org\\\/elagitador\\\/#website\",\"url\":\"https:\\\/\\\/www.bajoaragonesa.org\\\/elagitador\\\/\",\"name\":\"El Agitador\",\"description\":\"Una publicaci\u00f3n de Bajoaragonesa de Agitaci\u00f3n y Propaganda\",\"potentialAction\":[{\"@type\":\"SearchAction\",\"target\":{\"@type\":\"EntryPoint\",\"urlTemplate\":\"https:\\\/\\\/www.bajoaragonesa.org\\\/elagitador\\\/?s={search_term_string}\"},\"query-input\":{\"@type\":\"PropertyValueSpecification\",\"valueRequired\":true,\"valueName\":\"search_term_string\"}}],\"inLanguage\":\"es\"},{\"@type\":\"Person\",\"@id\":\"https:\\\/\\\/www.bajoaragonesa.org\\\/elagitador\\\/#\\\/schema\\\/person\\\/872d64f1366d7fadd0011541a15fcc88\",\"name\":\"ElAgitador\",\"image\":{\"@type\":\"ImageObject\",\"inLanguage\":\"es\",\"@id\":\"https:\\\/\\\/secure.gravatar.com\\\/avatar\\\/0130584f6a011c9032e664d489b62b6e5026579dcd3b2471620861b788b90451?s=96&d=identicon&r=g\",\"url\":\"https:\\\/\\\/secure.gravatar.com\\\/avatar\\\/0130584f6a011c9032e664d489b62b6e5026579dcd3b2471620861b788b90451?s=96&d=identicon&r=g\",\"contentUrl\":\"https:\\\/\\\/secure.gravatar.com\\\/avatar\\\/0130584f6a011c9032e664d489b62b6e5026579dcd3b2471620861b788b90451?s=96&d=identicon&r=g\",\"caption\":\"ElAgitador\"},\"sameAs\":[\"http:\\\/\\\/www.bajoaragonesa.org\"],\"url\":\"https:\\\/\\\/www.bajoaragonesa.org\\\/elagitador\\\/author\\\/elagitador\\\/\"}]}<\/script>\n<!-- \/ Yoast SEO plugin. -->","yoast_head_json":{"title":"Un cerdo en diciembre o la cr\u00f3nica de una muerte anunciada. - El Agitador","robots":{"index":"index","follow":"follow","max-snippet":"max-snippet:-1","max-image-preview":"max-image-preview:large","max-video-preview":"max-video-preview:-1"},"canonical":"https:\/\/www.bajoaragonesa.org\/elagitador\/un-cerdo-en-diciembre-o-la-cronica-de-una-muerte-anunciada\/","og_locale":"es_ES","og_type":"article","og_title":"Un cerdo en diciembre o la cr\u00f3nica de una muerte anunciada. - El Agitador","og_description":"Asist\u00ed a una matac\u00eda hace muchos a\u00f1os y no me gust\u00f3. Creo que el matach\u00edn no era lo suficientemente experto y la cosa dur\u00f3 demasiado.","og_url":"https:\/\/www.bajoaragonesa.org\/elagitador\/un-cerdo-en-diciembre-o-la-cronica-de-una-muerte-anunciada\/","og_site_name":"El Agitador","article_publisher":"https:\/\/www.facebook.com\/Bajoaragonesa","article_published_time":"2013-02-06T00:05:10+00:00","article_modified_time":"2013-02-20T17:05:43+00:00","og_image":[{"width":835,"height":598,"url":"https:\/\/www.bajoaragonesa.org\/elagitador\/wp-content\/uploads\/2013\/02\/027.jpg","type":"image\/jpeg"}],"author":"ElAgitador","twitter_card":"summary_large_image","twitter_creator":"@bajoaragonesa","twitter_site":"@bajoaragonesa","twitter_misc":{"Escrito por":"ElAgitador","Tiempo de lectura":"3 minutos"},"schema":{"@context":"https:\/\/schema.org","@graph":[{"@type":"Article","@id":"https:\/\/www.bajoaragonesa.org\/elagitador\/un-cerdo-en-diciembre-o-la-cronica-de-una-muerte-anunciada\/#article","isPartOf":{"@id":"https:\/\/www.bajoaragonesa.org\/elagitador\/un-cerdo-en-diciembre-o-la-cronica-de-una-muerte-anunciada\/"},"author":{"name":"ElAgitador","@id":"https:\/\/www.bajoaragonesa.org\/elagitador\/#\/schema\/person\/872d64f1366d7fadd0011541a15fcc88"},"headline":"Un cerdo en diciembre o la cr\u00f3nica de una muerte anunciada.","datePublished":"2013-02-06T00:05:10+00:00","dateModified":"2013-02-20T17:05:43+00:00","mainEntityOfPage":{"@id":"https:\/\/www.bajoaragonesa.org\/elagitador\/un-cerdo-en-diciembre-o-la-cronica-de-una-muerte-anunciada\/"},"wordCount":560,"image":{"@id":"https:\/\/www.bajoaragonesa.org\/elagitador\/un-cerdo-en-diciembre-o-la-cronica-de-una-muerte-anunciada\/#primaryimage"},"thumbnailUrl":"https:\/\/www.bajoaragonesa.org\/elagitador\/wp-content\/uploads\/2013\/02\/027.jpg","keywords":["Bajoaragonesa de Agitaci\u00f3n y Propaganda","carne","El Agitador Caspe","fotos","matac\u00eda","matanza de texas","matanza del cerdo","tocino"],"articleSection":["Grand Tour"],"inLanguage":"es"},{"@type":"WebPage","@id":"https:\/\/www.bajoaragonesa.org\/elagitador\/un-cerdo-en-diciembre-o-la-cronica-de-una-muerte-anunciada\/","url":"https:\/\/www.bajoaragonesa.org\/elagitador\/un-cerdo-en-diciembre-o-la-cronica-de-una-muerte-anunciada\/","name":"Un cerdo en diciembre o la cr\u00f3nica de una muerte anunciada. - El Agitador","isPartOf":{"@id":"https:\/\/www.bajoaragonesa.org\/elagitador\/#website"},"primaryImageOfPage":{"@id":"https:\/\/www.bajoaragonesa.org\/elagitador\/un-cerdo-en-diciembre-o-la-cronica-de-una-muerte-anunciada\/#primaryimage"},"image":{"@id":"https:\/\/www.bajoaragonesa.org\/elagitador\/un-cerdo-en-diciembre-o-la-cronica-de-una-muerte-anunciada\/#primaryimage"},"thumbnailUrl":"https:\/\/www.bajoaragonesa.org\/elagitador\/wp-content\/uploads\/2013\/02\/027.jpg","datePublished":"2013-02-06T00:05:10+00:00","dateModified":"2013-02-20T17:05:43+00:00","author":{"@id":"https:\/\/www.bajoaragonesa.org\/elagitador\/#\/schema\/person\/872d64f1366d7fadd0011541a15fcc88"},"breadcrumb":{"@id":"https:\/\/www.bajoaragonesa.org\/elagitador\/un-cerdo-en-diciembre-o-la-cronica-de-una-muerte-anunciada\/#breadcrumb"},"inLanguage":"es","potentialAction":[{"@type":"ReadAction","target":["https:\/\/www.bajoaragonesa.org\/elagitador\/un-cerdo-en-diciembre-o-la-cronica-de-una-muerte-anunciada\/"]}]},{"@type":"ImageObject","inLanguage":"es","@id":"https:\/\/www.bajoaragonesa.org\/elagitador\/un-cerdo-en-diciembre-o-la-cronica-de-una-muerte-anunciada\/#primaryimage","url":"https:\/\/www.bajoaragonesa.org\/elagitador\/wp-content\/uploads\/2013\/02\/027.jpg","contentUrl":"https:\/\/www.bajoaragonesa.org\/elagitador\/wp-content\/uploads\/2013\/02\/027.jpg","width":835,"height":598},{"@type":"BreadcrumbList","@id":"https:\/\/www.bajoaragonesa.org\/elagitador\/un-cerdo-en-diciembre-o-la-cronica-de-una-muerte-anunciada\/#breadcrumb","itemListElement":[{"@type":"ListItem","position":1,"name":"Portada","item":"https:\/\/www.bajoaragonesa.org\/elagitador\/"},{"@type":"ListItem","position":2,"name":"Un cerdo en diciembre o la cr\u00f3nica de una muerte anunciada."}]},{"@type":"WebSite","@id":"https:\/\/www.bajoaragonesa.org\/elagitador\/#website","url":"https:\/\/www.bajoaragonesa.org\/elagitador\/","name":"El Agitador","description":"Una publicaci\u00f3n de Bajoaragonesa de Agitaci\u00f3n y Propaganda","potentialAction":[{"@type":"SearchAction","target":{"@type":"EntryPoint","urlTemplate":"https:\/\/www.bajoaragonesa.org\/elagitador\/?s={search_term_string}"},"query-input":{"@type":"PropertyValueSpecification","valueRequired":true,"valueName":"search_term_string"}}],"inLanguage":"es"},{"@type":"Person","@id":"https:\/\/www.bajoaragonesa.org\/elagitador\/#\/schema\/person\/872d64f1366d7fadd0011541a15fcc88","name":"ElAgitador","image":{"@type":"ImageObject","inLanguage":"es","@id":"https:\/\/secure.gravatar.com\/avatar\/0130584f6a011c9032e664d489b62b6e5026579dcd3b2471620861b788b90451?s=96&d=identicon&r=g","url":"https:\/\/secure.gravatar.com\/avatar\/0130584f6a011c9032e664d489b62b6e5026579dcd3b2471620861b788b90451?s=96&d=identicon&r=g","contentUrl":"https:\/\/secure.gravatar.com\/avatar\/0130584f6a011c9032e664d489b62b6e5026579dcd3b2471620861b788b90451?s=96&d=identicon&r=g","caption":"ElAgitador"},"sameAs":["http:\/\/www.bajoaragonesa.org"],"url":"https:\/\/www.bajoaragonesa.org\/elagitador\/author\/elagitador\/"}]}},"jetpack_publicize_connections":[],"jetpack_featured_media_url":"https:\/\/www.bajoaragonesa.org\/elagitador\/wp-content\/uploads\/2013\/02\/027.jpg","_links":{"self":[{"href":"https:\/\/www.bajoaragonesa.org\/elagitador\/wp-json\/wp\/v2\/posts\/5353","targetHints":{"allow":["GET"]}}],"collection":[{"href":"https:\/\/www.bajoaragonesa.org\/elagitador\/wp-json\/wp\/v2\/posts"}],"about":[{"href":"https:\/\/www.bajoaragonesa.org\/elagitador\/wp-json\/wp\/v2\/types\/post"}],"author":[{"embeddable":true,"href":"https:\/\/www.bajoaragonesa.org\/elagitador\/wp-json\/wp\/v2\/users\/12"}],"replies":[{"embeddable":true,"href":"https:\/\/www.bajoaragonesa.org\/elagitador\/wp-json\/wp\/v2\/comments?post=5353"}],"version-history":[{"count":0,"href":"https:\/\/www.bajoaragonesa.org\/elagitador\/wp-json\/wp\/v2\/posts\/5353\/revisions"}],"wp:featuredmedia":[{"embeddable":true,"href":"https:\/\/www.bajoaragonesa.org\/elagitador\/wp-json\/wp\/v2\/media\/5365"}],"wp:attachment":[{"href":"https:\/\/www.bajoaragonesa.org\/elagitador\/wp-json\/wp\/v2\/media?parent=5353"}],"wp:term":[{"taxonomy":"category","embeddable":true,"href":"https:\/\/www.bajoaragonesa.org\/elagitador\/wp-json\/wp\/v2\/categories?post=5353"},{"taxonomy":"post_tag","embeddable":true,"href":"https:\/\/www.bajoaragonesa.org\/elagitador\/wp-json\/wp\/v2\/tags?post=5353"}],"curies":[{"name":"wp","href":"https:\/\/api.w.org\/{rel}","templated":true}]}}