{"id":6077,"date":"2013-03-28T00:01:51","date_gmt":"2013-03-27T23:01:51","guid":{"rendered":"http:\/\/www.bajoaragonesa.org\/elagitador\/?p=6077"},"modified":"2013-03-30T19:45:05","modified_gmt":"2013-03-30T18:45:05","slug":"sergio-alentoran-me-domina-maxima-fm","status":"publish","type":"post","link":"https:\/\/www.bajoaragonesa.org\/elagitador\/sergio-alentoran-me-domina-maxima-fm\/","title":{"rendered":"Sergio Alentoran: \u00abme domina M\u00e1xima FM\u00bb"},"content":{"rendered":"<p style=\"text-align: justify;\"><i>Casi desde el principio de nuestra andadura agitadora hab\u00edamos pensado en entrevistar a Sergio Alentor\u00e1n, el p\u00e1rroco de Caspe. Yo me asign\u00e9 esa tarea. No es que tenga una gran amistad con \u00e9l, \u00a0pero nos conocemos desde siempre. Su padre y el m\u00edo eran compa\u00f1eros de la f\u00e1brica de los cuchillos. El caso es que nunca era el momento de afrontar esta entrevista, porque sab\u00eda que con Sergio, la conversaci\u00f3n iba a ser larga y tendida. Al llegar Semana Santa le propuse la entrevista y, como ya supon\u00eda, acept\u00f3 sin dudarlo. Anoto que, para concertar la cita con el p\u00e1rroco de Caspe, no tuve que pedirle audiencia. Lo hicimos mediante WhatsApp. Definitivamente, los tiempos est\u00e1n cambiando.<\/i><\/p>\n<p style=\"text-align: justify;\"><i>\u00a0<\/i><\/p>\n<p style=\"text-align: justify;\"><i>Antes de comenzar, debo explicar que observar\u00e1n que muchas de sus respuestas acaban con puntos suspensivos. La explicaci\u00f3n es que durante la entrevista, constantemente, yo le interrump\u00eda porque mientras ambos convers\u00e1bamos, yo iba controlando el tiempo y era consciente de que nos est\u00e1bamos alargando demasiado. Sergio no se quej\u00f3 en ning\u00fan momento porque lo cortara. No dir\u00e9 que es un santo pero, desde luego, la paciencia la tiene como tal. <\/i><\/p>\n<p style=\"text-align: justify;\"><b>\u00a0<\/b><\/p>\n<p style=\"text-align: justify;\"><b>Bueno Sergio, creo que lo primero que debemos hacer es repasar un poco tu trayectoria. S\u00e9 que eres de la quinta de mi hermano (1982) y que cursaste en Caspe tus primeros estudios. Aparte de eso, me gustar\u00eda que nos contaras cu\u00e1l es el camino que te llev\u00f3 al sacerdocio. <\/b><\/p>\n<p style=\"text-align: justify;\">Pues en mi caso estudi\u00e9 en las Anas y al acabar 8\u00ba de EGB, estudi\u00e9 en el seminario, en Zaragoza. All\u00ed estuve desde los 14 a los 18, y el COU ya no lo hice porque cambiaron el sistema educativo y tuve que hacer 2\u00ba de Bachillerato. En los tres primeros a\u00f1os estudi\u00e1bamos enfrente del seminario, en un colegio mixto. Eran unas clases a las que acud\u00edamos unas 40 personas y solo tres \u00e9ramos del seminario; curiosamente los tres de Caspe: Gustavo Ma\u00f1ez [el p\u00e1rroco de Maella], Jos\u00e9 Fillola y yo. Era una vida normal, como un internado\u2026todos los d\u00edas lo mismo, estudio, deporte, un par de veces a la semana misa, cine-forum, cosas as\u00ed. \u00a0A los 18 a\u00f1os ya es cuando se entra en el Seminario Mayor. All\u00ed es donde empiezas a estudiar filosof\u00eda, dos a\u00f1os, teolog\u00eda, cuatro\u2026<\/p>\n<p style=\"text-align: justify;\"><b><\/b><b>\u00bfY si suspendes esas asignaturas, qu\u00e9 pasa?<\/b><\/p>\n<p style=\"text-align: justify;\">Ah, nada, que vas a septiembre. Y puedes repetir. Yo conozco a curas que han acabado los 6 a\u00f1os y \u00a0se les ha dicho: -T\u00fa tienes estas asignaturas pendientes y hasta que no las apruebes\u2026 Es como una universidad; dependemos todos de la Universidad Pontificia de Salamanca.<\/p>\n<p style=\"text-align: justify;\"><b>\u00bfNo te dan el h\u00e1bito?<\/b><\/p>\n<p style=\"text-align: justify;\">As\u00ed es. Lo cierto es que he conocido a algunos que han tenido dificultades para llegar a sacerdotes.<\/p>\n<p style=\"text-align: justify;\"><b>Y eso que no ten\u00e9is muchas distracciones<\/b><\/p>\n<p style=\"text-align: justify;\">No claro, en el seminario, ma\u00f1ana de clase, tarde de estudio.<\/p>\n<p style=\"text-align: justify;\"><b>Bien, y ahora que ya sabemos\u00a0cual\u00a0es el camino, cu\u00e9ntanos el por qu\u00e9. \u00bfUn cura nace?,<\/b> <b>\u00bfSe hace?, \u00bfLlega un momento en el que sientes la llamada o algo as\u00ed?<\/b><\/p>\n<p style=\"text-align: justify;\">Pues yo, f\u00edjate que no hab\u00eda tenido una gran vinculaci\u00f3n. Me acerqu\u00e9 m\u00e1s a la iglesia a trav\u00e9s de Gustavo. \u00c9l s\u00ed que estaba desde siempre muy liado con la Iglesia. Un d\u00eda en clase, en 4\u00ba de EGB, la monja nos sent\u00f3 juntos. Nos conoc\u00edamos de clase pero tampoco \u00e9ramos especialmente amigos. Y un d\u00eda, as\u00ed charrando, me dijo que \u00e9l era monaguillo, y me dijo que si quer\u00eda ir tambi\u00e9n yo\u2026y all\u00ed fui. Poco a poco me fue entrando el gusanillo. Tambi\u00e9n he de decirte que tuvimos la suerte de tener curas muy buenos, como..<\/p>\n<p style=\"text-align: justify;\"><b>Para, para, que yo tambi\u00e9n fui monaguillo, como lo fueron varios de mis amigos, y no sentimos ninguna atracci\u00f3n especial <\/b><\/p>\n<p style=\"text-align: justify;\">Es verdad que ser monaguillo no quiere decir que vayas a ser cura, pero lo cierto es que a m\u00ed me atra\u00eda lo que hac\u00edan los curas, me iba el tema de la Iglesia.<\/p>\n<p style=\"text-align: justify;\"><b>Y eso que en tu casa, seg\u00fan creo, tampoco son especialmente creyentes<\/b><\/p>\n<p style=\"text-align: justify;\">Bueno, la familia de mi madre m\u00e1s, pero en mi casa no se ha hablado nunca de una cosa ni de la otra. Ya siendo monaguillo, un d\u00eda, Jes\u00fas Abad [<i>quien fue p\u00e1rroco de Caspe<\/i>] nos dio un carta, del seminario, para ir a unas jornadas de convivencia que se celebraban para gente con inquietudes; estuvimos un a\u00f1o acudiendo varias veces, Gustavo, Jos\u00e9 y yo. Y al final, entre los tres nos apoyamos y finalmente entramos en el seminario. Jos\u00e9 Fillola lo dej\u00f3 a los 17, y Gustavo y yo seguimos hasta el final.<\/p>\n<p style=\"text-align: justify;\"><b>La siguiente pregunta enlaza con esto que me dices. Tanto t\u00fa como Gustavo Ma\u00f1ez sois una aut\u00e9ntica excepci\u00f3n, porque lo que se ve ahora en la Iglesia es, o gente muy mayor o, en cuanto a los j\u00f3venes religiosos y religiosas, sudamericanos, m\u00e1s que otra cosa. Casi sois una anomal\u00eda \u00bfno?<\/b><\/p>\n<p style=\"text-align: justify;\">S\u00ed. Pero f\u00edjate que hemos sido recibidos muy bien. En la comarca de Daroca, 16 pueblos, donde empezamos, les gust\u00f3 nuestra juventud. \u00c9ramos muy diferentes a esa imagen de cura distante de \u201ct\u00fa, c\u00e1llate\u201d, \u201ct\u00fa, si\u00e9ntate\u201d, quiero decir un cura que se dedique solo a lo que es tema de su iglesia.<\/p>\n<p style=\"text-align: justify;\"><b>\u00bfQuieres decir, que en cierto sentido, sois renovadores?<\/b><\/p>\n<p style=\"text-align: justify;\">S\u00ed, renovadores pero en cuanto a la imagen. Nada de decir la misa y se acab\u00f3, sino que tratamos de demostrar con la actitud lo que se predica en la Iglesia. Cosas como ir a un pueblo, a ver a una mujer, donde en 3 meses nadie ha ido, no s\u00e9. \u00a0Poco a poco la gente descubre que no solo est\u00e1s para decir misa.<\/p>\n<p style=\"text-align: justify;\"><b>Evidentemente, antes s\u00ed que hab\u00eda curas de ese tipo del que me hablas<\/b><\/p>\n<p style=\"text-align: justify;\">S\u00ed, te estoy hablando de hace 50 a\u00f1os o m\u00e1s; exist\u00edan los pueblos que se llamaban \u201cde castigo\u201d, y que se sab\u00eda que por la forma de ser de la gente, o por lo que sea, eran zonas dif\u00edciles, fr\u00edas. Hoy por hoy ya no es as\u00ed, desde luego. Aunque en aquella zona todav\u00eda nos o\u00edmos eso de \u201chab\u00e9is ido a parar a los pueblos del castigo\u201d\u2026era una tierra dura, la verdad, unos pueblos donde a las 5 de la tarde ya no ve\u00edas a nadie. Pero igual te desplazabas all\u00ed, a un pueblo perdido.<\/p>\n<p style=\"text-align: justify;\"><b>Por lo que dices, fuisteis un poco misioneros<\/b><\/p>\n<p style=\"text-align: justify;\">Hicimos varias cosas muy majas como una revista llamada \u201cEl Peir\u00f3n\u201d donde se recog\u00edan textos, cosas distintas de los 16 pueblos de la comarca.<\/p>\n<p style=\"text-align: justify;\"><b>Por lo que veo eres una persona muy din\u00e1mica, con muchas inquietudes<\/b><\/p>\n<p style=\"text-align: justify;\">Bueno, s\u00ed, pero tu actividad cambia mucho seg\u00fan la zona en la que te encuentras. Todo depende del contexto, de la situaci\u00f3n. Aqu\u00ed, por ejemplo, tras llegar de la comarca de Daroca, pues fue muy distinto. En Caspe para un sacerdote todo es a lo grande. Aqu\u00ed tienes 100 ni\u00f1os de comuni\u00f3n, 25 j\u00f3venes de confirmaci\u00f3n, otros 25 de confirmaci\u00f3n de adultos, un grupo nutrido de catequistas\u2026<\/p>\n<p style=\"text-align: justify;\"><b>Es decir, que para un cura, esto es una perita en dulce<\/b><\/p>\n<p style=\"text-align: justify;\">Claro. Y sobre todo, porque t\u00fa puedes\u2026pues yo que s\u00e9, con los ni\u00f1os de comuni\u00f3n, por ejemplo, hacemos un mont\u00f3n de actividades, hay muchas posibilidades.<\/p>\n<p style=\"text-align: justify;\"><b>Tambi\u00e9n tendr\u00e1 sus inconvenientes, supongo<\/b><\/p>\n<p style=\"text-align: justify;\">Bueno, no me aburro: el despacho, comuniones, catequistas, entierros\u2026y yo que no paro, que no me gusta estar quieto, pues claro. Ahora por ejemplo, hemos preparado unos folletos para que los ni\u00f1os conozcan la parroquia, la Iglesia de Santa Mar\u00eda, para que al menos tengan una gu\u00eda did\u00e1ctica.<\/p>\n<p style=\"text-align: justify;\"><b>Y al hilo de esto que me dices, parece ser que ahora no paran de venir autobuses de ese turismo llamado \u201cagresivo\u201d <\/b>[a precio reducido, en el que los turistas son obligados a asistir a una charla en la que vendedores, muy preparados para ello, les intentan vender de todo] <b>que, seg\u00fan s\u00e9, visitan la parroquia.<\/b><\/p>\n<p style=\"text-align: justify;\">As\u00ed es. Entre los meses de enero y febrero, con este tipo de turismo nos han visitado 800 personas.<\/p>\n<p style=\"text-align: justify;\"><b>Siguiendo con el turismo, y retomando el tema que comentaron Jes\u00fas Cirac y Carlos Alastuey en la entrevista de la semana pasada: debo confesarte que me pareci\u00f3 fant\u00e1stica la idea de restaurar la capilla de la Vera Cruz, poner la reliquia en valor, como se dice ahora, pero ya no por el tema religioso de la pieza, si no por la indiscutible importancia de la reliquia hist\u00f3ricamente hablando<\/b> [la parte interior, era la cruz pectoral que portaba uno de los papas del Cisma, Clemente VII, quien la regal\u00f3 a Juan Fern\u00e1ndez de Heredia, Gran Maestre de la Orden de San Juan, que la leg\u00f3 a Caspe]. <b>Pero, a pesar de esto que te digo, yo tambi\u00e9n tengo mis serias dudas en torno a este asunto. No creo que nos vayamos a convertir en un lugar de importancia en cuanto a las peregrinaciones. Har\u00eda falta una promoci\u00f3n mucho m\u00e1s importante de la que se est\u00e1 haciendo. \u00bfT\u00fa crees que el tema va a funcionar?<\/b><\/p>\n<p style=\"text-align: justify;\">A ver, yo lo veo muy dif\u00edcil y muy costoso.\u00a0 Porque adem\u00e1s f\u00edjate que tuvieron lugar aqu\u00ed en Caspe las jornadas nacionales de las Lignum Crucis. \u00bfY, hasta qu\u00e9 punto la gente de Caspe se volc\u00f3? Los de fuera nos dec\u00edan: \u201cvosotros sois los primeros que os lo ten\u00e9is que creer\u201d. Y a\u00fan hay gente de Caspe que sigue preguntando qu\u00e9 es eso de la Vera Cruz. En este sentido, una de las propuestas que he promovido en ese folleto que te digo, es eso, difundir el patrimonio local. Ya no te hablo de religi\u00f3n, sino del punto de vista hist\u00f3rico. El pasado curso pas\u00f3 por all\u00ed todo el Colegio de Santa Ana, de peque\u00f1os a mayores. Y de hecho ven\u00edan tambi\u00e9n musulmanes, rumanos. El folleto es algo muy sencillo, pero menos es nada, porque hasta ahora, no hab\u00eda nada sobre la Iglesia de Caspe.<\/p>\n<p style=\"text-align: justify;\"><b>Bueno, cambiemos ahora de tema. Como ya imaginar\u00e1s, toca hablar del nuevo Papa. \u00bfTambi\u00e9n a ti te sorprendi\u00f3 la elecci\u00f3n de Bergoglio?<\/b><\/p>\n<p style=\"text-align: justify;\">Totalmente. Me enter\u00e9 de la fumata blanca, \u00a0fui a la iglesia a tocar las campanas\u2026<\/p>\n<p style=\"text-align: justify;\"><b><\/b><b>\u00bfC\u00f3mo que a tocar las campanas? \u00bfQu\u00e9 ya no hay campanero? <\/b><i>(Risas)<\/i><\/p>\n<p style=\"text-align: justify;\">No tenemos campanero\u2026pero, total, ahora son el\u00e9ctricas <i>(risas).<\/i> Bueno, el caso es que despu\u00e9s de la fumata, cuando por fin escuch\u00e9 el nombre, y lo vi, me pregunt\u00e9: \u00bfy \u00e9ste qui\u00e9n es?\u00a0 Ni siquiera lo conoc\u00eda<\/p>\n<p style=\"text-align: justify;\"><b>\u00bfApostabas por Scola?<\/b><\/p>\n<p style=\"text-align: justify;\">No, mi favorito era un norteamericano, el obispo de Boston, un capuchino que cuando entr\u00f3 en su di\u00f3cesis hizo una limpieza de arriba abajo con el tema de los abusos. La gente estaba totalmente apartada de la Iglesia y desde su llegada, los medios de comunicaci\u00f3n coinciden en que ha hecho mucho por que la gente vuelva a la Iglesia.<\/p>\n<p style=\"text-align: justify;\"><b>Parece que el mensaje de fijar la vista en los pobres, que est\u00e1 transmitiendo el papa Francisco est\u00e1 calando. A m\u00ed me parece que es un tipo listo. \u00a0No es que crea que est\u00e9 mintiendo, pero lo que me parece es que sabe ganarse bien a los medios de comunicaci\u00f3n.<\/b><\/p>\n<p style=\"text-align: justify;\">Tiene una formaci\u00f3n impresionante. Y si te metes en You Tube y ves los v\u00eddeos de \u00e9l colgados, de cuando era cardenal, te das cuenta que es un se\u00f1or que llega mucho a la gente. Ten\u00eda la opci\u00f3n de vivir en un hogar especial como cardenal y dijo que no, que se iba a un piso peque\u00f1o. Es muy inteligente como jesuita que es. Los jesuitas son la orden que m\u00e1s estudios deben cursar dentro de la Iglesia.<\/p>\n<p style=\"text-align: justify;\"><b>Su \u00fanica lacra es el tema de su vinculaci\u00f3n con la dictadura de Videla\u2026<\/b><\/p>\n<p style=\"text-align: justify;\">Pues hace unos d\u00edas estuvo hablando sobre ello un premio Nobel de la Paz y dijo que, por favor, se quite esa imagen de \u00e9l, que no es cierto.<\/p>\n<p style=\"text-align: justify;\"><b>Parece que se ha propuesto dar un giro importante dentro de la instituci\u00f3n \u00bfEra lo que necesitaba la Iglesia?<\/b><\/p>\n<p style=\"text-align: justify;\">S\u00ed, sobre todo porque va a expresar mucha naturalidad. As\u00ed lo ha demostrado estos d\u00edas, cuando le dec\u00edan que se retirara, que tal, que cual, que cuestiones de protocolo\u2026pero \u00e9l, a la suya. Sobre todo, tiene mucha naturalidad. Y creo que va a ser un Papa muy pastoral.<\/p>\n<p style=\"text-align: justify;\"><b>Y t\u00fa, \u00bfqu\u00e9 le pedir\u00edas a este Papa?<\/b><\/p>\n<p style=\"text-align: justify;\">Pues que acabe con los prejuicios, como por ejemplo, el tema de la Curia de Roma, que sea como cualquiera de nuestras parroquias. Que no d\u00e9 la sensaci\u00f3n de un poder, de un prestigio que realmente no tenemos, porque un cardenal cobra 200 euros m\u00e1s que yo, aunque eso no quiere decir que otros cardenales no se hayan buscado la vida como hombres que son. Bueno, el caso es que ya en los primeros d\u00edas, el Papa cogi\u00f3 a uno de los cardenales que no hab\u00eda solucionado el tema de los abusos en su di\u00f3cesis, y ya, delante de todos, le dijo algo. Y al cardenal le cambi\u00f3 la cara totalmente. Yo creo que va por el buen camino, como lo del anillo, que es un peque\u00f1o detalle pero ah\u00ed est\u00e1. Aunque va a ser dif\u00edcil porque el entorno que tiene\u2026<\/p>\n<p style=\"text-align: justify;\"><b>En el Vaticano viven un poco ajenos a la realidad, \u00bfno crees?<\/b><\/p>\n<p style=\"text-align: justify;\">Bueno, s\u00ed.<\/p>\n<p style=\"text-align: justify;\"><b>\u00bfY t\u00fa crees que el papa Francisco va a ser el impulsor del III Concilio Vaticano?<\/b><\/p>\n<p style=\"text-align: justify;\">Yo creo que este hombre s\u00ed va a hacer algo de esto. Y si no llegamos a un Concilio, s\u00ed habr\u00e1 al menos un S\u00ednodo, que es ya algo muy serio. Yo creo que adem\u00e1s de eso, va a cambiar la Iglesia.<\/p>\n<p style=\"text-align: justify;\"><b>Pero, evidentemente, tampoco podemos esperar ning\u00fan cambio sustancial en cuanto a anticonceptivos y otros temas, claro.<\/b><\/p>\n<p style=\"text-align: justify;\">No, lo que es en \u00e1mbito moral, creo que no. Pero en decir a la gente: \u201cVamos a ser realmente una Iglesia pobre\u201d, s\u00ed.<\/p>\n<p style=\"text-align: justify;\">Ojo, que eso no quiere decir que no tengamos dinero, porque por ejemplo, yo este edificio lo tengo que mantener. Pero lo que te digo, que ya est\u00e1 haciendo cambios significativos. Predica de pie, ha improvisado, es espont\u00e1neo tal y como demostr\u00f3 el d\u00eda del Angelus. Yo creo que en ese sentido, habr\u00e1 que estar atento en los nombramientos de la curia.<\/p>\n<p style=\"text-align: justify;\"><b>\u00bfApuestas por Santos Abril?<\/b><\/p>\n<p style=\"text-align: justify;\">S\u00ed, me han hablado de \u00e9l muy bien y s\u00e9 qu\u00e9\u2026<\/p>\n<p style=\"text-align: justify;\"><b>\u00bfTambi\u00e9n ten\u00e9is Radio Macuto los curas?<\/b> <i>(risas)<\/i><\/p>\n<p style=\"text-align: justify;\">Casualmente, la Madre Superiora del Asilo que tenemos ahora lo conoce mucho porque coincid\u00edan en Teruel todos los veranos. Es un se\u00f1or con experiencia, que ha estado de nuncio en muchos sitios.<\/p>\n<p style=\"text-align: justify;\"><b>Que tiene el culo pelao, vaya.<\/b><\/p>\n<p style=\"text-align: justify;\">Exactamente. Pues lo que te digo, tenemos que estar atentos al Papa. Me han dicho que va a eliminar infraestructuras, como los <i>dicasterios<\/i>, que son los ministerios vaticanos, aunque en realidad, Ratzinger ya hizo algo de ello, aunque parec\u00eda que\u2026<\/p>\n<p style=\"text-align: justify;\"><b>Ten\u00eda fama de muy conservador y lo demostraba d\u00eda a d\u00eda, \u00bfno crees?<\/b><\/p>\n<p style=\"text-align: justify;\">Pero date cuenta que muchos de los cardenales que se han hecho durante su papado, como Santos Abril, de conservadores ten\u00edan poco.<\/p>\n<p style=\"text-align: justify;\"><b>Cambiando de tema, ahora cambiamos Roma por Caspe. Este a\u00f1o supongo que estar\u00e1s contento. Me ha dicho un pajarito, o m\u00e1s bien pajarita,<\/b> <b>que \u00a0cont\u00e1is con veintid\u00f3s j\u00f3venes que se confirman, cuando otros a\u00f1os estaba la cosa muy floja.<\/b><\/p>\n<p style=\"text-align: justify;\">S\u00ed, el a\u00f1o pasado creo que solo fueron 5, y el anterior ninguno.<\/p>\n<p style=\"text-align: justify;\"><b>Y esto de qui\u00e9n es m\u00e9rito, \u00bfdel cura o de las catequistas?<\/b><\/p>\n<p style=\"text-align: justify;\">No lo s\u00e9, de todos, un poco de todos. Yo tengo un buen equipo, un equipo que me responde. Yo llegu\u00e9 a Caspe en 2011. Hab\u00eda hecho \u201cpracticas\u201d pero nunca un trabajo pastoral. Cuando llegu\u00e9 aqu\u00ed ten\u00eda ganas de hacer muchas cosas. Y se han hecho, la verdad, y ahora hay muy buen ambiente. Y mira, con esos grupos [me ense\u00f1a varias fotos que tiene en el despacho], seguimos manteniendo la relaci\u00f3n.<\/p>\n<p style=\"text-align: justify;\"><b>Y tambi\u00e9n va m\u00e1s gente a misa, seg\u00fan me dicen<\/b><\/p>\n<p style=\"text-align: justify;\">Pues hombre, cuando yo llegu\u00e9 a Caspe me qued\u00e9 muy sorprendido de la poca gente que iba a misa, la verdad.<\/p>\n<p style=\"text-align: justify;\"><b>\u00bfYa hab\u00eda fallecido Antonio?<\/b> [El anterior cura de Caspe, Antonio Flecha, muri\u00f3 de C\u00e1ncer de pulm\u00f3n]<\/p>\n<p style=\"text-align: justify;\">Antonio a\u00fan viv\u00eda pero ya se hab\u00eda puesto malo; el 1 de enero de 2011 hice mi primera misa aqu\u00ed. Bien, a los d\u00edas, me propuse que hab\u00eda que hacer algo. Y quise empezar con los ni\u00f1os, con los ni\u00f1os de comuni\u00f3n, a los que les iba dando unas fotos, e iban llenando un \u00e1lbum. No s\u00e9, una peque\u00f1a cosa pero pronto, las catequistas tambi\u00e9n se involucraron mucho, y sumemos tambi\u00e9n la suerte de contar con un coro nutrido de guitarras en el coro. Seguimos haciendo cosas, empezamos a dar recortes de las hostias, y bueno, que no estoy diciendo que los este \u201ccomprando\u201d, pero s\u00ed que quer\u00eda aportar algo nuevo.<\/p>\n<p style=\"text-align: justify;\"><b>Veo que vamos un poco a lo mismo, a lo que eres t\u00fa: renovaci\u00f3n, contacto con la gente, dinamismo<\/b><\/p>\n<p style=\"text-align: justify;\">S\u00ed, bueno. Por ejemplo, practico una homil\u00eda dialogada, dentro lo que se puede, porque la misa es una cosa est\u00e1tica, con sus tiempos. Los domingos, siempre empiezo la homil\u00eda dialogada. Por ejemplo, en una misa de las \u00faltimas: \u201cvenga, hoy Jes\u00fas nos ha hablado del perd\u00f3n. Vamos hoy a hablar del perd\u00f3n. \u00bfCu\u00e1ndo perdonamos nosotros?\u201d Y levanta un cr\u00edo la mano\u2026\u201dpues perdonamos cuando&#8230;\u201d<\/p>\n<p style=\"text-align: justify;\"><b>Es la faceta cura-showman. No es que te critique, me parece bien, uno tiene que utilizar un poco las armas que tiene. T\u00fa quieres captar fieles y tienes que hacerlo como mejor sepas. <\/b><\/p>\n<p style=\"text-align: justify;\">Y eso que yo me considero una persona muy vergonzosa. Vamos haciendo cosas seg\u00fan fechas, porque quiz\u00e1 la misa tiene aspectos que en s\u00ed los chicos peque\u00f1os no entienden, y por eso preparamos otras que s\u00ed. Yo soy mucho de los s\u00edmbolos y hacemos cosas muy visuales para los ni\u00f1os.<\/p>\n<p style=\"text-align: justify;\"><b>Bueno, ahora que estamos con el tema de los ni\u00f1os, vamos a hablar de las comuniones. Los cr\u00edos van mucho a misa antes de comulgar, con sus padres y dem\u00e1s. Pero luego\u2026<\/b><\/p>\n<p style=\"text-align: justify;\">Luego totalmente desaparecen. Y eso que estoy contento por una cosa, que hac\u00eda 5 a\u00f1os que no hab\u00eda en Caspe un grupo de post-comuni\u00f3n, y este a\u00f1o he conseguido un grupo de 9.<\/p>\n<p style=\"text-align: justify;\"><b>Es la vieja historia de comulgar por la fiesta y los regalos. Me pregunto si, para ti, que no vayan los cr\u00edos despu\u00e9s de comulgar, no es un poco frustrante. <\/b>\u00a0Mucho. Sobre todo, porque se invierte mucha ilusi\u00f3n y muchas horas en ello.<\/p>\n<p style=\"text-align: justify;\"><b>En cierto sentido, cuando eso ocurre eres como un empresario al que no le salen los n\u00fameros. T\u00fa inviertes tu propio \u201ccapital\u201d, no econ\u00f3mico pero s\u00ed tu trabajo y la jugada no sale bien. <\/b><\/p>\n<p style=\"text-align: justify;\">Y es curioso que gente que se vincula mucho, que incluso las madres vienen a limpiar la parroquia y todo, luego, desaparecen. Le das vueltas a la cabeza y piensas, \u00bfpor qu\u00e9 alguien que viene todos los domingos a misa, luego ya no viene? \u00bfHabr\u00e9 hecho algo mal? Aunque tambi\u00e9n he de decirte que hay de todo. El otro d\u00eda habl\u00e9 con un cr\u00edo en el Colegio de las Anas y, sin que yo le dijera nada, \u00e9l mismo sac\u00f3 el tema: \u201cya sabes Sergio que yo siempre iba a misa, pero ahora, les digo a mis padres que quiero ir, y me dicen que no, que nos vamos al campo\u201d.<\/p>\n<p style=\"text-align: justify;\"><b>Sergio, creo que lo que te pasa es que eres v\u00edctima, como lo somos todos, del siglo XXI y de la enfermiza falta de tiempo que sufrimos todos. Tenemos demasiadas cosas que hacer y no llegamos. Quiz\u00e1 esto de la falta del \u201cescape\u201d de feligreses sea tambi\u00e9n uno de los motivos. Y hablando del siglo XXI, t\u00fa tambi\u00e9n eres fiel reflejo de que, a pesar de cura, eres muy joven y manejas WhatsApp,\u00a0 facebook, twitter\u2026.<\/b><\/p>\n<p style=\"text-align: justify;\">No, \u00a0facebook, no tengo.<\/p>\n<p style=\"text-align: justify;\"><b>\u00bfC\u00f3mo que no tienes facebook?<\/b><\/p>\n<p style=\"text-align: justify;\">Bueno, s\u00ed el de la parroquia, pero no personal.<\/p>\n<p style=\"text-align: justify;\"><b>Perdona que te diga, Sergio, pero es que casi es lo mismo. Al menos yo te veo como un aut\u00f3nomo. Si ya nos cuesta a nosotros, creo que para ti es todav\u00eda m\u00e1s complicado separar una cosa de la otra, \u00bfno?<\/b><\/p>\n<p style=\"text-align: justify;\">S\u00ed, la verdad es que trabajo las 24 horas al d\u00eda. Hace un par de semanas, a las 2 de la ma\u00f1ana me llamaron para dar una unci\u00f3n, y me qued\u00e9 hasta las 6 de la ma\u00f1ana, y a las 8 ese d\u00eda ya ten\u00eda misa.<\/p>\n<p style=\"text-align: justify;\"><b>\u00bfUna extremaunci\u00f3n? Ahora har\u00e9is pocas, imagino<\/b><\/p>\n<p style=\"text-align: justify;\">S\u00ed, pocas. Pero bueno, que no me import\u00f3. La verdad es que cuando me hice cura ya sab\u00eda donde me met\u00eda. Es un poco como lo que dices t\u00fa de ser aut\u00f3nomo. Para m\u00ed, el servicio ante todo.<\/p>\n<p style=\"text-align: justify;\"><b>Eso es porque te has criado detr\u00e1s del mostrador<\/b><\/p>\n<p style=\"text-align: justify;\">Es verdad que yo aprend\u00ed de mis padres en eso, del trato con la gente y dem\u00e1s.<\/p>\n<p style=\"text-align: justify;\"><b>Los curas os llev\u00e1is bien con todo el mundo. Pero, dime una cosa. Habr\u00e1s tenido alguna vez alguna alg\u00fan encontronazo. <\/b><\/p>\n<p style=\"text-align: justify;\">S\u00ed, en Campo Romanos. Hab\u00eda unos zagales, de 16 a\u00f1os, que ten\u00edan follones no solo con nosotros, sino con todo el pueblo. Por la noche se pon\u00edan en nuestra puerta: \u00a1Curas, maric\u2026! Hijos de p\u2026! \u00a1Salid aqu\u00ed si ten\u00e9is cojo\u2026!\u00a0 Nos hicieron de todo\u2026.es la \u00fanica vez que\u2026en fin\u2026te sientes impotente. Un d\u00eda a Gustavo le montaron una buena tambi\u00e9n, apagando las luces de la iglesia todo el rato, y cuando sali\u00f3 fuera, encima le amenazaron. \u00c9l les plant\u00f3 cara y la cosa qued\u00f3 en nada.<\/p>\n<p style=\"text-align: justify;\"><b>Gajes del oficio.<\/b><\/p>\n<p style=\"text-align: justify;\">S\u00ed<\/p>\n<p style=\"text-align: justify;\"><b>Hablemos ahora de la semana en la que estamos. \u00bfSemana Santa es tu festividad favorita? <\/b><\/p>\n<p style=\"text-align: justify;\">Como me gustan tanto las procesiones, para m\u00ed Semana Santa es una fecha muy especial, porque adem\u00e1s, eso de que est\u00e9n todas las iglesias abiertas, o el rezo del V\u00eda Crucis por el calvario. Quiero decir que intervienen todos los lugares desde el punto de vista religioso y patrimonial que tenemos en Caspe. Y adem\u00e1s son d\u00edas en los que viene mucha gente a la iglesia, no solo a los oficios, sino que visitan la parroquia, los ves que van luego a Franciscanos, con los cr\u00edos, con los carros. Me encanta ese ambiente. Y a m\u00ed me siguen emocionando las procesiones de Caspe.<\/p>\n<p style=\"text-align: justify;\"><b>\u00bfConoces otras? <\/b><\/p>\n<p style=\"text-align: justify;\">S\u00ed, he estado en varios pueblos en Semana Santa y lo que m\u00e1s me gusta de Caspe es el ambiente, y no te digo el de gente, ni al estrictamente religioso, sino al ambiente\u2026<\/p>\n<p style=\"text-align: justify;\"><b>\u00bfTe refieres al Respeto? <\/b><\/p>\n<p style=\"text-align: justify;\">Ummm\u2026no, no es la palabra. Yo dir\u00eda que la gente se estremece, se emociona, no queda indiferente ante lo que ve. Y no me refiero a la imagen del Nazareno o la que sea, sino que ven la formaci\u00f3n de 60 u 80 personas que est\u00e1n tocando el tambor\u2026<\/p>\n<p style=\"text-align: justify;\"><b>Pero sin embargo, Sergio, imagino que eres consciente de que entre los miembros de las cofrad\u00edas, la mayor\u00eda de la gente participamos por tradici\u00f3n, porque no deja de ser un acto cultural, porque colaborar con tu ciudad en unos actos que atraen a muchos visitantes\u2026 hablando claro, que el aspecto religioso, es cada vez menos importante entre gran parte de los cofrades. <\/b><\/p>\n<p style=\"text-align: justify;\">Y es verdad que ah\u00ed entra la palabra que t\u00fa dices: el respeto. Pero tambi\u00e9n, desde otro punto de vista, cuando pasa la procesi\u00f3n son tambi\u00e9n momentos de reflexi\u00f3n interior; por ejemplo, si uno ha pasado un problema, o no solo eso, sino que repasa su vida.<\/p>\n<p style=\"text-align: justify;\"><b>Bueno, desde ese punto de vista, est\u00e1 bien como lo enfocas<\/b><\/p>\n<p style=\"text-align: justify;\">Es cierto lo que t\u00fa dices, que prima el componente tur\u00edstico, cultural, pero insisto en ese ambiente. No s\u00e9 c\u00f3mo decirte. Estas viendo una procesi\u00f3n y est\u00e1s a gusto. Y as\u00ed mucha gente. Cada vez se ve a menos personas charrando cuando pasa la procesi\u00f3n, o comiendo pipas, no s\u00e9.<\/p>\n<p style=\"text-align: justify;\"><b>\u00bfHay tambi\u00e9n respeto desde la comunidad musulmana?<\/b><\/p>\n<p style=\"text-align: justify;\">He visto mayor respeto en estos dos \u00faltimos a\u00f1os que en el anterior.<\/p>\n<p style=\"text-align: justify;\"><b>Hablando de esto, \u00bfTienes relaci\u00f3n con el im\u00e1n?<\/b><\/p>\n<p style=\"text-align: justify;\">No, ninguna.<\/p>\n<p style=\"text-align: justify;\"><b>Pues perdona que te diga pero me parece muy mal. No s\u00e9 si es culpa tuya, de \u00e9l, o de los dos, pero creo que los representantes de las dos mayores comunidades religiosas de Caspe deber\u00edan tener contacto.<\/b><\/p>\n<p style=\"text-align: justify;\">S\u00ed que he preguntado m\u00e1s de una vez qui\u00e9n es pero nunca me saben decir en concreto con qui\u00e9n ir a hablar. No es por poner excusas pero es que la comunidad isl\u00e1mica de Caspe cambia de im\u00e1n muy a menudo. Aunque la verdad s\u00ed que tengo mucha relaci\u00f3n con el mundo musulm\u00e1n, en el Colegio o con los que vienen aqu\u00ed a C\u00e1ritas.<\/p>\n<p style=\"text-align: justify;\"><b>De todos modos, que t\u00fa y el im\u00e1n no os conozc\u00e1is, no es mas que el reflejo de lo que somos las dos comunidades, cristianos y musulmanes, pues no tenemos pr\u00e1cticamente relaci\u00f3n<\/b>.<\/p>\n<p style=\"text-align: justify;\">Pero es que piensa, y no me justifico con lo que voy a decir ahora, que cuando llegas a un sitio vas priorizando. Estos dos a\u00f1os aqu\u00ed, pues han sido muy intensos. Hab\u00eda que hacer mucho trabajo, el a\u00f1o 2012, que ha sido una locura, el padre Ot\u00f3n que se ha muerto de repente y el trabajo que \u00e9l hac\u00eda pues hay que hacerlo\u2026a\u00fan con todo, he de decirte que un d\u00eda se habl\u00f3 de realizar una reuni\u00f3n ecum\u00e9nica, con los gitanos, con los protestantes\u2026en cualquier caso, creo que somos en ese sentido, mod\u00e9licos en Caspe. Si vinieras aqu\u00ed un mi\u00e9rcoles ver\u00edas la de musulmanes que hay en esta sala de al lado. Suponen el 90% de los que vienen a pedir ayuda.<\/p>\n<p style=\"text-align: justify;\"><b>\u00bfViene mucha gente?<\/b><\/p>\n<p style=\"text-align: justify;\">Esto se desborda, tenemos que dar cita previa, no te digo m\u00e1s.<\/p>\n<p style=\"text-align: justify;\"><b>\u00bfLes dais dinero?<\/b><\/p>\n<p style=\"text-align: justify;\">Pero no de primeras, ni mucho menos, y nunca grandes cantidades. Ahora ya no se da ropa ni comida. Se ofrece otro servicio para gente que realmente lo necesita, tras haber hecho un seguimiento, incluso visitando su casa. Se les da una peque\u00f1a ayuda puntual, como por ejemplo, para pagar una factura de la luz.<\/p>\n<p style=\"text-align: justify;\"><b>No me resisto a intentar sacar tu vena m\u00e1s reivindicativa. \u00bfEres cr\u00edtico con los pol\u00edticos locales? \u00bfQu\u00e9 le pedir\u00edas al nuevo equipo de Gobierno? <\/b><\/p>\n<p style=\"text-align: justify;\">Bueno, cr\u00edtico, pues hombre. Lleg\u00f3 el a\u00f1o 2012 y fue entre la parroquia, Amigos del Castillo, Sarabastall y la Mujer Caspolina, quienes arreglamos el museo parroquial, los jardines, y gracias a ellos se ha levantado esto.<\/p>\n<p style=\"text-align: justify;\"><b>\u00bfTir\u00f3n de orejas para el Ayuntamiento?<\/b><\/p>\n<p style=\"text-align: justify;\">[Sergio, que es un chico muy prudente, cabecea y se calla. Aunque hay silencios demasiado reveladores]. Ha habido cosas que, si la iglesia no hubiera puesto de su parte, mal. Porque solo para pagar la luz de todo lo que se hizo el a\u00f1o pasado en la parroquia en cuanto a actos culturales, pues en fin. Mira, un ejemplo, el d\u00eda que se celebr\u00f3 la reuni\u00f3n preparatoria de las Cortes del 28 de junio, yo, delante de todo el mundo, Diputaci\u00f3n, Patrimonio\u2026pregunt\u00e9: \u201c\u00bfY la iglesia de Caspe, en qu\u00e9 se va a beneficiar de todo esto?\u201d Y me dijeron: \u201cen nada\u201d.\u00a0 \u201c\u00bfNi siquiera en una alfombra?\u201d \u201cEn nada\u201d, repitieron. Y ahora mismo est\u00e1n entrando unas humedades que me est\u00e1n asustando, pues a ra\u00edz de las obras que se hicieron en el Castillo, pues ah\u00ed ha pasado algo. En la capilla de la Vera Cruz y al lado de ella, en direcci\u00f3n al retablo, est\u00e1n saliendo un mont\u00f3n de humedades. Ya se lo he dicho a la alcaldesa.<\/p>\n<p style=\"text-align: justify;\"><b>Para finalizar, siempre acabamos las entrevistas con un disco, un libro y una peli<\/b><\/p>\n<p style=\"text-align: justify;\">Pues en m\u00fasica lo que te digo es que a m\u00ed me domina M\u00e1xima FM. Y no por hacerme el modernote. De toda la vida. Me relajo, cuando estoy as\u00ed un poco \u201cplof\u201d me la pongo y me siento bien.<\/p>\n<p style=\"text-align: justify;\">La pel\u00edcula, que la he visto 100 veces pero me encanta: El padrecito, de Cantinflas.<\/p>\n<p style=\"text-align: justify;\">Libro, uno que siempre tengo de cabecera es <i>Cinco panes y dos peces<\/i>, del cardenal Bantuan, un cardenal que estuvo preso pol\u00edtico en Vietnam durante 10 o 15 a\u00f1os y que celebraba misa en la c\u00e1rcel con una gotita de vino y una miga de pan, para que no lo pillaran.<\/p>\n<p align=\"right\"><b>Amadeo Barcel\u00f3<\/b><\/p>\n<p>&nbsp;<\/p>\n<p><a href=\"http:\/\/www.bajoaragonesa.org\/elagitador\/sergio-alentoran-me-domina-maxima-fm\/sergio-alentoran\/\" rel=\"attachment wp-att-6078\"><img loading=\"lazy\" decoding=\"async\" class=\"size-medium wp-image-6078 aligncenter\" alt=\"Sergio Alentoran\" src=\"http:\/\/www.bajoaragonesa.org\/elagitador\/wp-content\/uploads\/2013\/03\/Sergio-Alentoran-216x288.jpg\" width=\"216\" height=\"288\" srcset=\"https:\/\/www.bajoaragonesa.org\/elagitador\/wp-content\/uploads\/2013\/03\/Sergio-Alentoran-216x288.jpg 216w, https:\/\/www.bajoaragonesa.org\/elagitador\/wp-content\/uploads\/2013\/03\/Sergio-Alentoran-370x494.jpg 370w, https:\/\/www.bajoaragonesa.org\/elagitador\/wp-content\/uploads\/2013\/03\/Sergio-Alentoran.jpg 450w\" sizes=\"auto, (max-width: 216px) 100vw, 216px\" \/><\/a><\/p>\n","protected":false},"excerpt":{"rendered":"<p>Casi desde el principio de nuestra andadura agitadora hab\u00edamos pensado en entrevistar a Sergio Alentor\u00e1n, el p\u00e1rroco de Caspe. Yo me asign\u00e9 esa tarea. No<\/p>\n","protected":false},"author":12,"featured_media":3299,"comment_status":"closed","ping_status":"open","sticky":false,"template":"","format":"standard","meta":{"footnotes":"","jetpack_publicize_message":"","jetpack_publicize_feature_enabled":true,"jetpack_social_post_already_shared":true,"jetpack_social_options":{"image_generator_settings":{"template":"highway","default_image_id":0,"font":"","enabled":false},"version":2}},"categories":[6],"tags":[54,26,17,76,1971,1970,1967,1969,1968],"class_list":["post-6077","post","type-post","status-publish","format-standard","has-post-thumbnail","hentry","category-ellasyellos","tag-bajoaragonesa-de-agitacion-y-propaganda","tag-caspe","tag-el-agitador","tag-el-agitador-caspe","tag-iglesia","tag-papa","tag-parroco","tag-semana-santa","tag-sergio-alentoran"],"yoast_head":"<!-- This site is optimized with the Yoast SEO plugin v28.4 - https:\/\/yoast.com\/product\/yoast-seo-wordpress\/ -->\n<title>Sergio Alentoran: &quot;me domina M\u00e1xima FM&quot; - El Agitador<\/title>\n<meta name=\"robots\" content=\"index, follow, max-snippet:-1, max-image-preview:large, max-video-preview:-1\" \/>\n<link rel=\"canonical\" href=\"https:\/\/www.bajoaragonesa.org\/elagitador\/sergio-alentoran-me-domina-maxima-fm\/\" \/>\n<meta property=\"og:locale\" content=\"es_ES\" \/>\n<meta property=\"og:type\" content=\"article\" \/>\n<meta property=\"og:title\" content=\"Sergio Alentoran: &quot;me domina M\u00e1xima FM&quot; - El Agitador\" \/>\n<meta property=\"og:description\" content=\"Casi desde el principio de nuestra andadura agitadora hab\u00edamos pensado en entrevistar a Sergio Alentor\u00e1n, el p\u00e1rroco de Caspe. Yo me asign\u00e9 esa tarea. No\" \/>\n<meta property=\"og:url\" content=\"https:\/\/www.bajoaragonesa.org\/elagitador\/sergio-alentoran-me-domina-maxima-fm\/\" \/>\n<meta property=\"og:site_name\" content=\"El Agitador\" \/>\n<meta property=\"article:publisher\" content=\"https:\/\/www.facebook.com\/Bajoaragonesa\" \/>\n<meta property=\"article:published_time\" content=\"2013-03-27T23:01:51+00:00\" \/>\n<meta property=\"article:modified_time\" content=\"2013-03-30T18:45:05+00:00\" \/>\n<meta property=\"og:image\" content=\"https:\/\/www.bajoaragonesa.org\/elagitador\/wp-content\/uploads\/2012\/08\/Caspe.png\" \/>\n\t<meta property=\"og:image:width\" content=\"319\" \/>\n\t<meta property=\"og:image:height\" content=\"302\" \/>\n\t<meta property=\"og:image:type\" content=\"image\/png\" \/>\n<meta name=\"author\" content=\"ElAgitador\" \/>\n<meta name=\"twitter:card\" content=\"summary_large_image\" \/>\n<meta name=\"twitter:creator\" content=\"@bajoaragonesa\" \/>\n<meta name=\"twitter:site\" content=\"@bajoaragonesa\" \/>\n<meta name=\"twitter:label1\" content=\"Escrito por\" \/>\n\t<meta name=\"twitter:data1\" content=\"ElAgitador\" \/>\n\t<meta name=\"twitter:label2\" content=\"Tiempo de lectura\" \/>\n\t<meta name=\"twitter:data2\" content=\"25 minutos\" \/>\n<script type=\"application\/ld+json\" class=\"yoast-schema-graph\">{\"@context\":\"https:\\\/\\\/schema.org\",\"@graph\":[{\"@type\":\"Article\",\"@id\":\"https:\\\/\\\/www.bajoaragonesa.org\\\/elagitador\\\/sergio-alentoran-me-domina-maxima-fm\\\/#article\",\"isPartOf\":{\"@id\":\"https:\\\/\\\/www.bajoaragonesa.org\\\/elagitador\\\/sergio-alentoran-me-domina-maxima-fm\\\/\"},\"author\":{\"name\":\"ElAgitador\",\"@id\":\"https:\\\/\\\/www.bajoaragonesa.org\\\/elagitador\\\/#\\\/schema\\\/person\\\/872d64f1366d7fadd0011541a15fcc88\"},\"headline\":\"Sergio Alentoran: \u00abme domina M\u00e1xima FM\u00bb\",\"datePublished\":\"2013-03-27T23:01:51+00:00\",\"dateModified\":\"2013-03-30T18:45:05+00:00\",\"mainEntityOfPage\":{\"@id\":\"https:\\\/\\\/www.bajoaragonesa.org\\\/elagitador\\\/sergio-alentoran-me-domina-maxima-fm\\\/\"},\"wordCount\":4943,\"image\":{\"@id\":\"https:\\\/\\\/www.bajoaragonesa.org\\\/elagitador\\\/sergio-alentoran-me-domina-maxima-fm\\\/#primaryimage\"},\"thumbnailUrl\":\"https:\\\/\\\/www.bajoaragonesa.org\\\/elagitador\\\/wp-content\\\/uploads\\\/2012\\\/08\\\/Caspe.png\",\"keywords\":[\"Bajoaragonesa de Agitaci\u00f3n y Propaganda\",\"Caspe\",\"El Agitador\",\"El Agitador Caspe\",\"iglesia\",\"papa\",\"parroco\",\"Semana Santa\",\"Sergio Alentor\u00e1n\"],\"articleSection\":[\"Ellas y Ellos\"],\"inLanguage\":\"es\"},{\"@type\":\"WebPage\",\"@id\":\"https:\\\/\\\/www.bajoaragonesa.org\\\/elagitador\\\/sergio-alentoran-me-domina-maxima-fm\\\/\",\"url\":\"https:\\\/\\\/www.bajoaragonesa.org\\\/elagitador\\\/sergio-alentoran-me-domina-maxima-fm\\\/\",\"name\":\"Sergio Alentoran: \\\"me domina M\u00e1xima FM\\\" - El Agitador\",\"isPartOf\":{\"@id\":\"https:\\\/\\\/www.bajoaragonesa.org\\\/elagitador\\\/#website\"},\"primaryImageOfPage\":{\"@id\":\"https:\\\/\\\/www.bajoaragonesa.org\\\/elagitador\\\/sergio-alentoran-me-domina-maxima-fm\\\/#primaryimage\"},\"image\":{\"@id\":\"https:\\\/\\\/www.bajoaragonesa.org\\\/elagitador\\\/sergio-alentoran-me-domina-maxima-fm\\\/#primaryimage\"},\"thumbnailUrl\":\"https:\\\/\\\/www.bajoaragonesa.org\\\/elagitador\\\/wp-content\\\/uploads\\\/2012\\\/08\\\/Caspe.png\",\"datePublished\":\"2013-03-27T23:01:51+00:00\",\"dateModified\":\"2013-03-30T18:45:05+00:00\",\"author\":{\"@id\":\"https:\\\/\\\/www.bajoaragonesa.org\\\/elagitador\\\/#\\\/schema\\\/person\\\/872d64f1366d7fadd0011541a15fcc88\"},\"breadcrumb\":{\"@id\":\"https:\\\/\\\/www.bajoaragonesa.org\\\/elagitador\\\/sergio-alentoran-me-domina-maxima-fm\\\/#breadcrumb\"},\"inLanguage\":\"es\",\"potentialAction\":[{\"@type\":\"ReadAction\",\"target\":[\"https:\\\/\\\/www.bajoaragonesa.org\\\/elagitador\\\/sergio-alentoran-me-domina-maxima-fm\\\/\"]}]},{\"@type\":\"ImageObject\",\"inLanguage\":\"es\",\"@id\":\"https:\\\/\\\/www.bajoaragonesa.org\\\/elagitador\\\/sergio-alentoran-me-domina-maxima-fm\\\/#primaryimage\",\"url\":\"https:\\\/\\\/www.bajoaragonesa.org\\\/elagitador\\\/wp-content\\\/uploads\\\/2012\\\/08\\\/Caspe.png\",\"contentUrl\":\"https:\\\/\\\/www.bajoaragonesa.org\\\/elagitador\\\/wp-content\\\/uploads\\\/2012\\\/08\\\/Caspe.png\",\"width\":319,\"height\":302},{\"@type\":\"BreadcrumbList\",\"@id\":\"https:\\\/\\\/www.bajoaragonesa.org\\\/elagitador\\\/sergio-alentoran-me-domina-maxima-fm\\\/#breadcrumb\",\"itemListElement\":[{\"@type\":\"ListItem\",\"position\":1,\"name\":\"Portada\",\"item\":\"https:\\\/\\\/www.bajoaragonesa.org\\\/elagitador\\\/\"},{\"@type\":\"ListItem\",\"position\":2,\"name\":\"Sergio Alentoran: \u00abme domina M\u00e1xima FM\u00bb\"}]},{\"@type\":\"WebSite\",\"@id\":\"https:\\\/\\\/www.bajoaragonesa.org\\\/elagitador\\\/#website\",\"url\":\"https:\\\/\\\/www.bajoaragonesa.org\\\/elagitador\\\/\",\"name\":\"El Agitador\",\"description\":\"Una publicaci\u00f3n de Bajoaragonesa de Agitaci\u00f3n y Propaganda\",\"potentialAction\":[{\"@type\":\"SearchAction\",\"target\":{\"@type\":\"EntryPoint\",\"urlTemplate\":\"https:\\\/\\\/www.bajoaragonesa.org\\\/elagitador\\\/?s={search_term_string}\"},\"query-input\":{\"@type\":\"PropertyValueSpecification\",\"valueRequired\":true,\"valueName\":\"search_term_string\"}}],\"inLanguage\":\"es\"},{\"@type\":\"Person\",\"@id\":\"https:\\\/\\\/www.bajoaragonesa.org\\\/elagitador\\\/#\\\/schema\\\/person\\\/872d64f1366d7fadd0011541a15fcc88\",\"name\":\"ElAgitador\",\"image\":{\"@type\":\"ImageObject\",\"inLanguage\":\"es\",\"@id\":\"https:\\\/\\\/secure.gravatar.com\\\/avatar\\\/0130584f6a011c9032e664d489b62b6e5026579dcd3b2471620861b788b90451?s=96&d=identicon&r=g\",\"url\":\"https:\\\/\\\/secure.gravatar.com\\\/avatar\\\/0130584f6a011c9032e664d489b62b6e5026579dcd3b2471620861b788b90451?s=96&d=identicon&r=g\",\"contentUrl\":\"https:\\\/\\\/secure.gravatar.com\\\/avatar\\\/0130584f6a011c9032e664d489b62b6e5026579dcd3b2471620861b788b90451?s=96&d=identicon&r=g\",\"caption\":\"ElAgitador\"},\"sameAs\":[\"http:\\\/\\\/www.bajoaragonesa.org\"],\"url\":\"https:\\\/\\\/www.bajoaragonesa.org\\\/elagitador\\\/author\\\/elagitador\\\/\"}]}<\/script>\n<!-- \/ Yoast SEO plugin. -->","yoast_head_json":{"title":"Sergio Alentoran: \"me domina M\u00e1xima FM\" - El Agitador","robots":{"index":"index","follow":"follow","max-snippet":"max-snippet:-1","max-image-preview":"max-image-preview:large","max-video-preview":"max-video-preview:-1"},"canonical":"https:\/\/www.bajoaragonesa.org\/elagitador\/sergio-alentoran-me-domina-maxima-fm\/","og_locale":"es_ES","og_type":"article","og_title":"Sergio Alentoran: \"me domina M\u00e1xima FM\" - El Agitador","og_description":"Casi desde el principio de nuestra andadura agitadora hab\u00edamos pensado en entrevistar a Sergio Alentor\u00e1n, el p\u00e1rroco de Caspe. Yo me asign\u00e9 esa tarea. No","og_url":"https:\/\/www.bajoaragonesa.org\/elagitador\/sergio-alentoran-me-domina-maxima-fm\/","og_site_name":"El Agitador","article_publisher":"https:\/\/www.facebook.com\/Bajoaragonesa","article_published_time":"2013-03-27T23:01:51+00:00","article_modified_time":"2013-03-30T18:45:05+00:00","og_image":[{"width":319,"height":302,"url":"https:\/\/www.bajoaragonesa.org\/elagitador\/wp-content\/uploads\/2012\/08\/Caspe.png","type":"image\/png"}],"author":"ElAgitador","twitter_card":"summary_large_image","twitter_creator":"@bajoaragonesa","twitter_site":"@bajoaragonesa","twitter_misc":{"Escrito por":"ElAgitador","Tiempo de lectura":"25 minutos"},"schema":{"@context":"https:\/\/schema.org","@graph":[{"@type":"Article","@id":"https:\/\/www.bajoaragonesa.org\/elagitador\/sergio-alentoran-me-domina-maxima-fm\/#article","isPartOf":{"@id":"https:\/\/www.bajoaragonesa.org\/elagitador\/sergio-alentoran-me-domina-maxima-fm\/"},"author":{"name":"ElAgitador","@id":"https:\/\/www.bajoaragonesa.org\/elagitador\/#\/schema\/person\/872d64f1366d7fadd0011541a15fcc88"},"headline":"Sergio Alentoran: \u00abme domina M\u00e1xima FM\u00bb","datePublished":"2013-03-27T23:01:51+00:00","dateModified":"2013-03-30T18:45:05+00:00","mainEntityOfPage":{"@id":"https:\/\/www.bajoaragonesa.org\/elagitador\/sergio-alentoran-me-domina-maxima-fm\/"},"wordCount":4943,"image":{"@id":"https:\/\/www.bajoaragonesa.org\/elagitador\/sergio-alentoran-me-domina-maxima-fm\/#primaryimage"},"thumbnailUrl":"https:\/\/www.bajoaragonesa.org\/elagitador\/wp-content\/uploads\/2012\/08\/Caspe.png","keywords":["Bajoaragonesa de Agitaci\u00f3n y Propaganda","Caspe","El Agitador","El Agitador Caspe","iglesia","papa","parroco","Semana Santa","Sergio Alentor\u00e1n"],"articleSection":["Ellas y Ellos"],"inLanguage":"es"},{"@type":"WebPage","@id":"https:\/\/www.bajoaragonesa.org\/elagitador\/sergio-alentoran-me-domina-maxima-fm\/","url":"https:\/\/www.bajoaragonesa.org\/elagitador\/sergio-alentoran-me-domina-maxima-fm\/","name":"Sergio Alentoran: \"me domina M\u00e1xima FM\" - El Agitador","isPartOf":{"@id":"https:\/\/www.bajoaragonesa.org\/elagitador\/#website"},"primaryImageOfPage":{"@id":"https:\/\/www.bajoaragonesa.org\/elagitador\/sergio-alentoran-me-domina-maxima-fm\/#primaryimage"},"image":{"@id":"https:\/\/www.bajoaragonesa.org\/elagitador\/sergio-alentoran-me-domina-maxima-fm\/#primaryimage"},"thumbnailUrl":"https:\/\/www.bajoaragonesa.org\/elagitador\/wp-content\/uploads\/2012\/08\/Caspe.png","datePublished":"2013-03-27T23:01:51+00:00","dateModified":"2013-03-30T18:45:05+00:00","author":{"@id":"https:\/\/www.bajoaragonesa.org\/elagitador\/#\/schema\/person\/872d64f1366d7fadd0011541a15fcc88"},"breadcrumb":{"@id":"https:\/\/www.bajoaragonesa.org\/elagitador\/sergio-alentoran-me-domina-maxima-fm\/#breadcrumb"},"inLanguage":"es","potentialAction":[{"@type":"ReadAction","target":["https:\/\/www.bajoaragonesa.org\/elagitador\/sergio-alentoran-me-domina-maxima-fm\/"]}]},{"@type":"ImageObject","inLanguage":"es","@id":"https:\/\/www.bajoaragonesa.org\/elagitador\/sergio-alentoran-me-domina-maxima-fm\/#primaryimage","url":"https:\/\/www.bajoaragonesa.org\/elagitador\/wp-content\/uploads\/2012\/08\/Caspe.png","contentUrl":"https:\/\/www.bajoaragonesa.org\/elagitador\/wp-content\/uploads\/2012\/08\/Caspe.png","width":319,"height":302},{"@type":"BreadcrumbList","@id":"https:\/\/www.bajoaragonesa.org\/elagitador\/sergio-alentoran-me-domina-maxima-fm\/#breadcrumb","itemListElement":[{"@type":"ListItem","position":1,"name":"Portada","item":"https:\/\/www.bajoaragonesa.org\/elagitador\/"},{"@type":"ListItem","position":2,"name":"Sergio Alentoran: \u00abme domina M\u00e1xima FM\u00bb"}]},{"@type":"WebSite","@id":"https:\/\/www.bajoaragonesa.org\/elagitador\/#website","url":"https:\/\/www.bajoaragonesa.org\/elagitador\/","name":"El Agitador","description":"Una publicaci\u00f3n de Bajoaragonesa de Agitaci\u00f3n y Propaganda","potentialAction":[{"@type":"SearchAction","target":{"@type":"EntryPoint","urlTemplate":"https:\/\/www.bajoaragonesa.org\/elagitador\/?s={search_term_string}"},"query-input":{"@type":"PropertyValueSpecification","valueRequired":true,"valueName":"search_term_string"}}],"inLanguage":"es"},{"@type":"Person","@id":"https:\/\/www.bajoaragonesa.org\/elagitador\/#\/schema\/person\/872d64f1366d7fadd0011541a15fcc88","name":"ElAgitador","image":{"@type":"ImageObject","inLanguage":"es","@id":"https:\/\/secure.gravatar.com\/avatar\/0130584f6a011c9032e664d489b62b6e5026579dcd3b2471620861b788b90451?s=96&d=identicon&r=g","url":"https:\/\/secure.gravatar.com\/avatar\/0130584f6a011c9032e664d489b62b6e5026579dcd3b2471620861b788b90451?s=96&d=identicon&r=g","contentUrl":"https:\/\/secure.gravatar.com\/avatar\/0130584f6a011c9032e664d489b62b6e5026579dcd3b2471620861b788b90451?s=96&d=identicon&r=g","caption":"ElAgitador"},"sameAs":["http:\/\/www.bajoaragonesa.org"],"url":"https:\/\/www.bajoaragonesa.org\/elagitador\/author\/elagitador\/"}]}},"jetpack_publicize_connections":[],"jetpack_featured_media_url":"https:\/\/www.bajoaragonesa.org\/elagitador\/wp-content\/uploads\/2012\/08\/Caspe.png","_links":{"self":[{"href":"https:\/\/www.bajoaragonesa.org\/elagitador\/wp-json\/wp\/v2\/posts\/6077","targetHints":{"allow":["GET"]}}],"collection":[{"href":"https:\/\/www.bajoaragonesa.org\/elagitador\/wp-json\/wp\/v2\/posts"}],"about":[{"href":"https:\/\/www.bajoaragonesa.org\/elagitador\/wp-json\/wp\/v2\/types\/post"}],"author":[{"embeddable":true,"href":"https:\/\/www.bajoaragonesa.org\/elagitador\/wp-json\/wp\/v2\/users\/12"}],"replies":[{"embeddable":true,"href":"https:\/\/www.bajoaragonesa.org\/elagitador\/wp-json\/wp\/v2\/comments?post=6077"}],"version-history":[{"count":0,"href":"https:\/\/www.bajoaragonesa.org\/elagitador\/wp-json\/wp\/v2\/posts\/6077\/revisions"}],"wp:featuredmedia":[{"embeddable":true,"href":"https:\/\/www.bajoaragonesa.org\/elagitador\/wp-json\/wp\/v2\/media\/3299"}],"wp:attachment":[{"href":"https:\/\/www.bajoaragonesa.org\/elagitador\/wp-json\/wp\/v2\/media?parent=6077"}],"wp:term":[{"taxonomy":"category","embeddable":true,"href":"https:\/\/www.bajoaragonesa.org\/elagitador\/wp-json\/wp\/v2\/categories?post=6077"},{"taxonomy":"post_tag","embeddable":true,"href":"https:\/\/www.bajoaragonesa.org\/elagitador\/wp-json\/wp\/v2\/tags?post=6077"}],"curies":[{"name":"wp","href":"https:\/\/api.w.org\/{rel}","templated":true}]}}