{"id":6548,"date":"2013-05-08T00:05:52","date_gmt":"2013-05-07T22:05:52","guid":{"rendered":"http:\/\/www.bajoaragonesa.org\/elagitador\/?p=6548"},"modified":"2013-05-11T00:49:31","modified_gmt":"2013-05-10T22:49:31","slug":"el-cisma-de-occidente-y-la-vera-cruz-de-caspe","status":"publish","type":"post","link":"https:\/\/www.bajoaragonesa.org\/elagitador\/el-cisma-de-occidente-y-la-vera-cruz-de-caspe\/","title":{"rendered":"El Cisma de Occidente y la Vera Cruz de Caspe"},"content":{"rendered":"<p style=\"text-align: justify;\" align=\"center\"><span style=\"text-align: justify;\">Como bien sabemos, para muchas personas la <strong>Vera Cruz<\/strong> de Caspe es una reliquia cuyo valor se mide mediante el baremo de la devoci\u00f3n. Como es bien sabido, la tradici\u00f3n popular asegura que contiene un importante fragmento de la Cruz de Jesucristo.<\/span><\/p>\n<p style=\"text-align: justify;\">Seamos o no creyentes es innegable que la pieza tiene una gran val\u00eda desde el punto de vista \u00a0hist\u00f3rico. El contexto internacional que rodeaba la llegada de la reliquia a <strong>Caspe<\/strong>\u00a0supone uno de los cap\u00edtulos m\u00e1s interesantes de la <strong>Baja Edad Media<\/strong>. Repasar la historia de la Vera Cruz caspolina significa retroceder nada menos que hasta el famoso <strong>Cisma de la Cristiandad<\/strong> pues, seg\u00fan sabemos, su parte interior fue propiedad del papa (o antipapa) <strong>Clemente VII<\/strong>. Quiz\u00e1 \u00a0ello les lleve a preguntarse c\u00f3mo es posible que una reliquia de tanta importancia llegara a un lugar tan alejado de los centros de poder europeos como fue Caspe unos a\u00f1os antes del famoso Compromiso. Debo confesar que, dentro de las muchas historias que convergen alrededor de la reliquia, esa es la que me resulta m\u00e1s apasionante. \u00bfC\u00f3mo?, \u00bfCu\u00e1ndo?, \u00bfQui\u00e9n?, \u00bfPor qu\u00e9?<\/p>\n<p style=\"text-align: justify;\">Remont\u00e9monos 700 a\u00f1os. El papa Clemente V (1305-1314) es el primero de los pont\u00edfices de Avi\u00f1\u00f3n que marca el inicio de la llamada <i>Cautividad de Avi\u00f1\u00f3n<\/i>, pues la curia papal deja Roma para trasladarse a la ciudad francesa. Francia ha sido durante el siglo anterior la potencia hegem\u00f3nica europea y aunque a comienzos del XIV comienza a mostrar s\u00edntomas de debilidad, la influencia de la monarqu\u00eda francesa se demuestra en que los siguientes siete papas tras Clemente V ser\u00e1n franceses. A finales del siglo XIV Gregorio XI abandona Avi\u00f1\u00f3n cuando Francia se encuentra inmersa en la llamada Guerra de los Cien A\u00f1os que ha convertido al pa\u00eds es un lugar \u00a0inseguro, tanto en per\u00edodo de guerra como en el de treguas. Por otro lado, con el Papa ausente de los Estados Pontificios, y a pesar de las gestiones de a\u00f1os anteriores del cardenal espa\u00f1ol Gil de Albornoz, las familias nobiliarias romanas se han hecho peligrosamente fuertes.<\/p>\n<p>&nbsp;<\/p>\n<p><a href=\"http:\/\/www.bajoaragonesa.org\/elagitador\/el-cisma-de-occidente-y-la-vera-cruz-de-caspe\/vera-cruz-caspe-1\/\" rel=\"attachment wp-att-6549\"><img loading=\"lazy\" decoding=\"async\" class=\"size-medium wp-image-6549 aligncenter\" alt=\"Vera Cruz Caspe (1)\" src=\"http:\/\/www.bajoaragonesa.org\/elagitador\/wp-content\/uploads\/2013\/04\/Vera-Cruz-Caspe-1-191x288.jpg\" width=\"191\" height=\"288\" srcset=\"https:\/\/www.bajoaragonesa.org\/elagitador\/wp-content\/uploads\/2013\/04\/Vera-Cruz-Caspe-1-191x288.jpg 191w, https:\/\/www.bajoaragonesa.org\/elagitador\/wp-content\/uploads\/2013\/04\/Vera-Cruz-Caspe-1.jpg 319w\" sizes=\"auto, (max-width: 191px) 100vw, 191px\" \/><\/a><\/p>\n<p style=\"text-align: center;\"><em>La Vera Cruz de Caspe sobre el pie\u00a0nuevo (el original desapareci\u00f3 durante la Guerra Civil)<\/em><\/p>\n<p style=\"text-align: justify;\">Gregorio XI muere pronto y, en la posterior elecci\u00f3n, los habitantes de Roma juegan un papel fundamental al condicionar claramente la votaci\u00f3n de los cardenales (nueve franceses, cuatro italianos y el aragon\u00e9s Pedro de Luna). Al parecer, en la puerta del Vaticano, los romanos gritan: \u00a1Queremos un Papa romano o por lo menos italiano! Bartolom\u00e9 Prignano -que ni tan siquiera es cardenal, sino arzobispo de Bari- es escogido como nuevo Papa, tomando por nombre<strong> Urbano VI<\/strong>.<\/p>\n<p style=\"text-align: justify;\">Pero en las primeras semanas de su mandato el nuevo Papa demuestra ser un d\u00e9spota, por lo que la reacci\u00f3n de los cardenales franceses, a quienes se suma el aragon\u00e9s Pedro de Luna (futuro papa Luna) no se hace esperar: reunidos en Agnani, proclaman nula la elecci\u00f3n de Urbano VI, deponen al Papa Urbano y anuncian el estado\u00a0de <i>Sede Vacante<\/i>. Diez d\u00edas despu\u00e9s apuestan por el cardenal\u00a0Roberto de Ginebra, que se har\u00e1 llamar Clemente VII.<\/p>\n<p style=\"text-align: justify;\">A finales del siglo XIV las relaciones entre los estados europeos son muy complejas; los poderes laicos tambi\u00e9n se dividen. M\u00e1s que el bien de la Iglesia, los intereses de las distintas monarqu\u00edas eran el primer factor a considerar y, por ello, el Cisma tambi\u00e9n trasciende a lo pol\u00edtico. As\u00ed, Alemania, Hungr\u00eda, Inglaterra, Polonia, Dinamarca, Suiza, Flandes e Italia del Norte, apoyan a Urbano VI, el Papa romano. Francia, N\u00e1poles, Escocia, Castilla, Arag\u00f3n y Portugal, se\u00a0decantan por Clemente VII, quien hab\u00eda instalado su sede en Avi\u00f1\u00f3n. A pesar de la muerte del papa Urbano VI en 1389, el grave conflicto interno de la cristiandad no se soluciona, pues los cardenales romanos escogen a Bonifacio IX (1389-1404). Por su parte, la curia de Avi\u00f1\u00f3n apuesta por Pedro de Luna (Benedicto XIII). El Cisma planear\u00e1 sobre el mapa europeo hasta 1417, cuando a trav\u00e9s del Concilio de Constanza, Mart\u00edn V ser\u00e1, de nuevo, el Papa de la Iglesia cat\u00f3lica ya unificada.<\/p>\n<p style=\"text-align: justify;\">Pero retrocedamos de nuevo al pasaje de 1378, con el primer Papa del Cisma instalado en Avi\u00f1\u00f3n. En ese lugar, adem\u00e1s de Pedro de Luna, otro aragon\u00e9s juega un importante papel. Juan Fern\u00e1ndez de Heredia, que comenz\u00f3 su carrera hospitalaria como comendador del peque\u00f1o lugar de Ambel (y quiz\u00e1 de Caspe, pues todav\u00eda seguimos sin saber qu\u00e9 v\u00ednculo un\u00eda a Fern\u00e1ndez de Heredia con la entonces villa)<a href=\"http:\/\/www.bajoaragonesa.org\/elagitador\/el-cisma-de-occidente-y-la-vera-cruz-de-caspe\/juan_fernandez_de_heredia_grant_coronica_de_los_conquiridores\/\" rel=\"attachment wp-att-6591\"><img loading=\"lazy\" decoding=\"async\" class=\"alignright size-medium wp-image-6591\" alt=\"Juan_Fern\u00e1ndez_de_Heredia_Grant_coronica_de_los_conquiridores\" src=\"http:\/\/www.bajoaragonesa.org\/elagitador\/wp-content\/uploads\/2013\/05\/Juan_Fern\u00e1ndez_de_Heredia_Grant_coronica_de_los_conquiridores-219x288.jpg\" width=\"219\" height=\"288\" srcset=\"https:\/\/www.bajoaragonesa.org\/elagitador\/wp-content\/uploads\/2013\/05\/Juan_Fern\u00e1ndez_de_Heredia_Grant_coronica_de_los_conquiridores-219x288.jpg 219w, https:\/\/www.bajoaragonesa.org\/elagitador\/wp-content\/uploads\/2013\/05\/Juan_Fern\u00e1ndez_de_Heredia_Grant_coronica_de_los_conquiridores.jpg 220w\" sizes=\"auto, (max-width: 219px) 100vw, 219px\" \/><\/a> hab\u00eda ascendido vertiginosamente\u00a0durante las d\u00e9cadas centrales del siglo XIV, hab\u00eda disfrutado de innumerables cargos dentro de la Orden como Prior de varios territorios y Castell\u00e1n de Amposta, hab\u00eda sido consejero de reyes y papas, destacado militar, mecenas\u2026en estos momentos es ya el m\u00e1ximo dignatario de los sanjuanistas: Gran Maestre de la Orden de San Juan del Hospital de Jerusal\u00e9n y Rodas.<\/p>\n<p style=\"text-align: justify;\">El Cisma fue un momento complicado para Fern\u00e1ndez de Heredia y los sanjuanistas, pues el conflicto interno de la cristiandad tambi\u00e9n podr\u00eda suponer una partici\u00f3n dentro de la propia Orden (no en vano, en el a\u00f1o 1383 el Papa italiano Urbano VI nombrar\u00eda al \u201cantimaestre\u201d Ricardo Caracciolo). Por si fuera poco, las arcas en Rodas estaban bajo m\u00ednimos. Por este \u00faltimo motivo el Convento Central propuso a Don Juan que viajase a Europa para recaudar fondos. Y as\u00ed fue como, en 1385, Don Juan llegar\u00eda a Avi\u00f1on y el traslado del Lignum Crucis hacia Caspe, comenzar\u00eda a gestarse.<\/p>\n<p style=\"text-align: justify;\">En los siguientes a\u00f1os, junto a su destacad\u00edsimo mecenazgo cultural Juan Fern\u00e1ndez de Heredia entablar\u00e1 tal amistad con el papa Clemente VII que, unos d\u00edas antes de la muerte del Papa (septiembre de 1394) le obsequiar\u00e1 -sabedor de la especial predilecci\u00f3n que los hospitalarios tienen por la conquista de los Santos Lugares- con un preciado tesoro: su propia cruz pectoral que, seg\u00fan parece, contiene un importante fragmento de la Santa Cruz.<\/p>\n<p><a href=\"http:\/\/www.bajoaragonesa.org\/elagitador\/el-cisma-de-occidente-y-la-vera-cruz-de-caspe\/detalle\/\" rel=\"attachment wp-att-6557\"><img loading=\"lazy\" decoding=\"async\" class=\"size-medium wp-image-6557 aligncenter\" alt=\"Detalle\" src=\"http:\/\/www.bajoaragonesa.org\/elagitador\/wp-content\/uploads\/2013\/05\/Detalle-288x172.jpg\" width=\"288\" height=\"172\" srcset=\"https:\/\/www.bajoaragonesa.org\/elagitador\/wp-content\/uploads\/2013\/05\/Detalle-288x172.jpg 288w, https:\/\/www.bajoaragonesa.org\/elagitador\/wp-content\/uploads\/2013\/05\/Detalle-494x295.jpg 494w, https:\/\/www.bajoaragonesa.org\/elagitador\/wp-content\/uploads\/2013\/05\/Detalle-574x340.jpg 574w, https:\/\/www.bajoaragonesa.org\/elagitador\/wp-content\/uploads\/2013\/05\/Detalle.jpg 800w\" sizes=\"auto, (max-width: 288px) 100vw, 288px\" \/><\/a><\/p>\n<p style=\"text-align: center;\"><em>La parte central, alojada dentro del segundo relicario renacentista, es la cruz original de Clemente VII.\u00a0<\/em><\/p>\n<p style=\"text-align: justify;\">Muy poco despu\u00e9s la Vera Cruz llegar\u00eda a Caspe. Por aquel entonces (finales del siglo XIV) el templo sufri\u00f3 importantes modificaciones. Recientemente\u00a0el <strong>Castillo de Caspe<\/strong> tambi\u00e9n hab\u00eda estado en obras. \u00bfCasualidad? Es evidente que no. Fern\u00e1ndez de Heredia, que ya era anciano, hab\u00eda escogido Caspe para ser enterrado. Por ese motivo, Santa Mar\u00eda y el Castillo se estaban preparando para recibir no solo los restos mortales de \u00e9ste (morir\u00eda dos a\u00f1os despu\u00e9s) sino el magn\u00edfico legado de Don Juan (en la Europa del g\u00f3tico, era muy habitual que las iglesias se mejorasen ante la llegada de importantes reliquias).<\/p>\n<p><a href=\"http:\/\/www.bajoaragonesa.org\/elagitador\/el-cisma-de-occidente-y-la-vera-cruz-de-caspe\/sepulcro-juan-fernandez-de-heredia\/\" rel=\"attachment wp-att-6590\"><img loading=\"lazy\" decoding=\"async\" class=\"size-medium wp-image-6590 aligncenter\" alt=\"Sepulcro Juan Fern\u00e1ndez de Heredia\" src=\"http:\/\/www.bajoaragonesa.org\/elagitador\/wp-content\/uploads\/2013\/05\/Sepulcro-Juan-Fern\u00e1ndez-de-Heredia-189x288.jpg\" width=\"189\" height=\"288\" srcset=\"https:\/\/www.bajoaragonesa.org\/elagitador\/wp-content\/uploads\/2013\/05\/Sepulcro-Juan-Fern\u00e1ndez-de-Heredia-189x288.jpg 189w, https:\/\/www.bajoaragonesa.org\/elagitador\/wp-content\/uploads\/2013\/05\/Sepulcro-Juan-Fern\u00e1ndez-de-Heredia.jpg 315w\" sizes=\"auto, (max-width: 189px) 100vw, 189px\" \/><\/a><\/p>\n<p style=\"text-align: center;\"><em>Sepulcro de Juan Fern\u00e1ndez de Heredia que se conservaba en la Iglesia de Santa Mar\u00eda (foto cedida por CECBAC)<\/em><\/p>\n<p>&nbsp;<\/p>\n<p style=\"text-align: justify;\">Debemos matizar que la cruz original de Clemente VII corresponde a la parte interior de la que hoy vemos. Se compone de una fina montura, una amatista en el centro y los fragmentos de la cruz en el interior que, seg\u00fan parece, forman el tercer trozo m\u00e1s grande del mundo de la cruz de Jesucristo. La parte exterior del Lignum Crucis, de plata sobredorada y profusamente decorada, es posterior (por un documento del AHN sabemos que es anterior al a\u00f1o 1605).<\/p>\n<p><a href=\"http:\/\/www.bajoaragonesa.org\/elagitador\/el-cisma-de-occidente-y-la-vera-cruz-de-caspe\/capilla-2\/\" rel=\"attachment wp-att-6558\"><img loading=\"lazy\" decoding=\"async\" class=\"alignright size-medium wp-image-6558\" alt=\"Capilla 2\" src=\"http:\/\/www.bajoaragonesa.org\/elagitador\/wp-content\/uploads\/2013\/05\/Capilla-2-172x288.jpg\" width=\"172\" height=\"288\" srcset=\"https:\/\/www.bajoaragonesa.org\/elagitador\/wp-content\/uploads\/2013\/05\/Capilla-2-172x288.jpg 172w, https:\/\/www.bajoaragonesa.org\/elagitador\/wp-content\/uploads\/2013\/05\/Capilla-2-295x494.jpg 295w, https:\/\/www.bajoaragonesa.org\/elagitador\/wp-content\/uploads\/2013\/05\/Capilla-2.jpg 479w\" sizes=\"auto, (max-width: 172px) 100vw, 172px\" \/><\/a>Tras su llegada a Caspe la historia de la reliquia ya caspolina est\u00e1 marcada por una serie de notables acontecimientos: estuvo presente durante la misa del fallo de los compromisarios, el 28 de junio de 1412; el Papa Adriano VI la visit\u00f3 en 1521; desde el a\u00f1o 1599 la Vera Cruz tiene su propia cofrad\u00eda y en 1730 se inaugur\u00f3 la capilla; cuatro a\u00f1os m\u00e1s tarde el prior sanjuanista regal\u00f3 dos peque\u00f1os fragmentos de la misma a la villa de Calaceite, recibi\u00e9ndola el Ayuntamiento y la Cofrad\u00eda de la Sangre de Cristo. La capilla caspolina fue destruida en la Guerra Civil y, la Vera Cruz, oculta, se salv\u00f3 del pillaje sucedido en julio de 1936 (la mayor parte de las jocalias se fueron de Caspe para nunca volver). Tiempo despu\u00e9s volvi\u00f3 a la iglesia, aunque habr\u00edan de pasar m\u00e1s de 70 a\u00f1os para que\u00a0 la capilla estuviera, de nuevo, en condiciones. Se inaugur\u00f3 el pasado a\u00f1o 2011.<\/p>\n<p style=\"text-align: justify;\">Ya sabemos c\u00f3mo, cu\u00e1ndo y qui\u00e9n trajo el Lignum Crucis a Caspe. Pero no crean que no dejo de darle vueltas a la gran cuesti\u00f3n: \u00bfY antes? \u00bfCual es la historia previa? \u00bfC\u00f3mo lleg\u00f3 a manos de Clemente VII? \u00bfLleg\u00f3 al Papa v\u00eda Constantinopla? \u00bfSer\u00eda conveniente someter la astilla a la prueba del Carbono 14?<\/p>\n<p style=\"text-align: justify;\">Por el momento, no podemos afirmar con seguridad que contenga un fragmento de la Cruz de Cristo. Tampoco sabemos si, con el tiempo, la reciente capilla ser\u00e1 un importante lugar de peregrinaci\u00f3n tur\u00edstica. Pero lo que s\u00ed espero es haberles convencido de que, m\u00e1s all\u00e1 de creencias religiosas, la Vera Cruz de Caspe es una pieza de incuestionable valor hist\u00f3rico.<\/p>\n<p>\u00a0<b>\u00a0<\/b><\/p>\n<p align=\"right\"><b>Amadeo Barcel\u00f3<\/b><\/p>\n<p style=\"text-align: left;\" align=\"right\"><strong>Fotograf\u00edas<\/strong>:<\/p>\n<p style=\"text-align: left;\" align=\"right\">Cristina Ferrer, Nestor Fontoba<\/p>\n<p><strong>Bibliograf\u00eda:<\/strong><\/p>\n<p>Barcel\u00f3 Gresa, Amadeo; <i>La Orden<\/i><i> de San Juan del Hospital de Jerusal\u00e9n en Caspe y Comarca durante la Edad Media (introducci\u00f3n a su estudio)<\/i>, Comarca Bajo Arag\u00f3n Caspe, 2007<\/p>\n<p>Barquero Go\u00f1i y otros; <i>La Edad<\/i><i> Media<\/i><i>: siglos XIII-XV<\/i>, editorial universitaria Ram\u00f3n Areces, 2009<\/p>\n<p>Borras Gonzalo y otros; <i>La iglesia de Santa Mar\u00eda la Mayor de Caspe, Arquitectura y Arte Mueble<\/i>, CECBAC, Caspe, 2012<\/p>\n<p>Caball\u00fa Albiac, Miguel; \u201cLa Vera Cruz de Caspe\u201d, Empelte 11, GCC, Caspe, 1996<\/p>\n<p>Cacho Blecua, Juan Manuel; <i>El Gran Maestre Juan Fern\u00e1ndez de Heredia<\/i>, Colecci\u00f3n Pano Ruata, CAI, 1997<\/p>\n<p>&nbsp;<\/p>\n<p>&nbsp;<\/p>\n","protected":false},"excerpt":{"rendered":"<p>Como bien sabemos, para muchas personas la Vera Cruz de Caspe es una reliquia cuyo valor se mide mediante el baremo de la devoci\u00f3n. Como<\/p>\n","protected":false},"author":12,"featured_media":6557,"comment_status":"closed","ping_status":"open","sticky":false,"template":"","format":"standard","meta":{"footnotes":"","jetpack_publicize_message":"","jetpack_publicize_feature_enabled":true,"jetpack_social_post_already_shared":true,"jetpack_social_options":{"image_generator_settings":{"template":"highway","default_image_id":0,"font":"","enabled":false},"version":2}},"categories":[5],"tags":[2197,26,2126,2127,2200,2198,848,2128,911,1970,1083,1128,2199,2196,2125,2124],"class_list":["post-6548","post","type-post","status-publish","format-standard","has-post-thumbnail","hentry","category-grandtour","tag-antipapa","tag-caspe","tag-cisma-de-occidente","tag-clemente-vii","tag-cristiandad","tag-fotografias","tag-historia","tag-juan-fernandez-de-heredia","tag-lignum-crucis","tag-papa","tag-patrimonio","tag-religion","tag-reportaje","tag-urbano-vi","tag-vera-cruz-de-calaceite","tag-vera-cruz-de-caspe"],"yoast_head":"<!-- This site is optimized with the Yoast SEO plugin v28.4 - https:\/\/yoast.com\/product\/yoast-seo-wordpress\/ -->\n<title>El Cisma de Occidente y la Vera Cruz de Caspe<\/title>\n<meta name=\"robots\" content=\"index, follow, max-snippet:-1, max-image-preview:large, max-video-preview:-1\" \/>\n<link rel=\"canonical\" href=\"https:\/\/www.bajoaragonesa.org\/elagitador\/el-cisma-de-occidente-y-la-vera-cruz-de-caspe\/\" \/>\n<meta property=\"og:locale\" content=\"es_ES\" \/>\n<meta property=\"og:type\" content=\"article\" \/>\n<meta property=\"og:title\" content=\"El Cisma de Occidente y la Vera Cruz de Caspe\" \/>\n<meta property=\"og:description\" content=\"Como bien sabemos, para muchas personas la Vera Cruz de Caspe es una reliquia cuyo valor se mide mediante el baremo de la devoci\u00f3n. Como\" \/>\n<meta property=\"og:url\" content=\"https:\/\/www.bajoaragonesa.org\/elagitador\/el-cisma-de-occidente-y-la-vera-cruz-de-caspe\/\" \/>\n<meta property=\"og:site_name\" content=\"El Agitador\" \/>\n<meta property=\"article:publisher\" content=\"https:\/\/www.facebook.com\/Bajoaragonesa\" \/>\n<meta property=\"article:published_time\" content=\"2013-05-07T22:05:52+00:00\" \/>\n<meta property=\"article:modified_time\" content=\"2013-05-10T22:49:31+00:00\" \/>\n<meta property=\"og:image\" content=\"https:\/\/www.bajoaragonesa.org\/elagitador\/wp-content\/uploads\/2013\/05\/Detalle.jpg\" \/>\n\t<meta property=\"og:image:width\" content=\"800\" \/>\n\t<meta property=\"og:image:height\" content=\"479\" \/>\n\t<meta property=\"og:image:type\" content=\"image\/jpeg\" \/>\n<meta name=\"author\" content=\"ElAgitador\" \/>\n<meta name=\"twitter:card\" content=\"summary_large_image\" \/>\n<meta name=\"twitter:creator\" content=\"@bajoaragonesa\" \/>\n<meta name=\"twitter:site\" content=\"@bajoaragonesa\" \/>\n<meta name=\"twitter:label1\" content=\"Escrito por\" \/>\n\t<meta name=\"twitter:data1\" content=\"ElAgitador\" \/>\n\t<meta name=\"twitter:label2\" content=\"Tiempo de lectura\" \/>\n\t<meta name=\"twitter:data2\" content=\"8 minutos\" \/>\n<script type=\"application\/ld+json\" class=\"yoast-schema-graph\">{\"@context\":\"https:\\\/\\\/schema.org\",\"@graph\":[{\"@type\":\"Article\",\"@id\":\"https:\\\/\\\/www.bajoaragonesa.org\\\/elagitador\\\/el-cisma-de-occidente-y-la-vera-cruz-de-caspe\\\/#article\",\"isPartOf\":{\"@id\":\"https:\\\/\\\/www.bajoaragonesa.org\\\/elagitador\\\/el-cisma-de-occidente-y-la-vera-cruz-de-caspe\\\/\"},\"author\":{\"name\":\"ElAgitador\",\"@id\":\"https:\\\/\\\/www.bajoaragonesa.org\\\/elagitador\\\/#\\\/schema\\\/person\\\/872d64f1366d7fadd0011541a15fcc88\"},\"headline\":\"El Cisma de Occidente y la Vera Cruz de Caspe\",\"datePublished\":\"2013-05-07T22:05:52+00:00\",\"dateModified\":\"2013-05-10T22:49:31+00:00\",\"mainEntityOfPage\":{\"@id\":\"https:\\\/\\\/www.bajoaragonesa.org\\\/elagitador\\\/el-cisma-de-occidente-y-la-vera-cruz-de-caspe\\\/\"},\"wordCount\":1677,\"image\":{\"@id\":\"https:\\\/\\\/www.bajoaragonesa.org\\\/elagitador\\\/el-cisma-de-occidente-y-la-vera-cruz-de-caspe\\\/#primaryimage\"},\"thumbnailUrl\":\"https:\\\/\\\/www.bajoaragonesa.org\\\/elagitador\\\/wp-content\\\/uploads\\\/2013\\\/05\\\/Detalle.jpg\",\"keywords\":[\"antipapa\",\"Caspe\",\"Cisma de Occidente\",\"Clemente VII\",\"cristiandad\",\"fotograf\u00edas\",\"historia\",\"Juan Fern\u00e1ndez de Heredia\",\"Lignum Crucis\",\"papa\",\"patrimonio\",\"religion\",\"reportaje\",\"Urbano VI\",\"Vera Cruz de Calaceite\",\"Vera Cruz de Caspe\"],\"articleSection\":[\"Grand Tour\"],\"inLanguage\":\"es\"},{\"@type\":\"WebPage\",\"@id\":\"https:\\\/\\\/www.bajoaragonesa.org\\\/elagitador\\\/el-cisma-de-occidente-y-la-vera-cruz-de-caspe\\\/\",\"url\":\"https:\\\/\\\/www.bajoaragonesa.org\\\/elagitador\\\/el-cisma-de-occidente-y-la-vera-cruz-de-caspe\\\/\",\"name\":\"El Cisma de Occidente y la Vera Cruz de Caspe\",\"isPartOf\":{\"@id\":\"https:\\\/\\\/www.bajoaragonesa.org\\\/elagitador\\\/#website\"},\"primaryImageOfPage\":{\"@id\":\"https:\\\/\\\/www.bajoaragonesa.org\\\/elagitador\\\/el-cisma-de-occidente-y-la-vera-cruz-de-caspe\\\/#primaryimage\"},\"image\":{\"@id\":\"https:\\\/\\\/www.bajoaragonesa.org\\\/elagitador\\\/el-cisma-de-occidente-y-la-vera-cruz-de-caspe\\\/#primaryimage\"},\"thumbnailUrl\":\"https:\\\/\\\/www.bajoaragonesa.org\\\/elagitador\\\/wp-content\\\/uploads\\\/2013\\\/05\\\/Detalle.jpg\",\"datePublished\":\"2013-05-07T22:05:52+00:00\",\"dateModified\":\"2013-05-10T22:49:31+00:00\",\"author\":{\"@id\":\"https:\\\/\\\/www.bajoaragonesa.org\\\/elagitador\\\/#\\\/schema\\\/person\\\/872d64f1366d7fadd0011541a15fcc88\"},\"breadcrumb\":{\"@id\":\"https:\\\/\\\/www.bajoaragonesa.org\\\/elagitador\\\/el-cisma-de-occidente-y-la-vera-cruz-de-caspe\\\/#breadcrumb\"},\"inLanguage\":\"es\",\"potentialAction\":[{\"@type\":\"ReadAction\",\"target\":[\"https:\\\/\\\/www.bajoaragonesa.org\\\/elagitador\\\/el-cisma-de-occidente-y-la-vera-cruz-de-caspe\\\/\"]}]},{\"@type\":\"ImageObject\",\"inLanguage\":\"es\",\"@id\":\"https:\\\/\\\/www.bajoaragonesa.org\\\/elagitador\\\/el-cisma-de-occidente-y-la-vera-cruz-de-caspe\\\/#primaryimage\",\"url\":\"https:\\\/\\\/www.bajoaragonesa.org\\\/elagitador\\\/wp-content\\\/uploads\\\/2013\\\/05\\\/Detalle.jpg\",\"contentUrl\":\"https:\\\/\\\/www.bajoaragonesa.org\\\/elagitador\\\/wp-content\\\/uploads\\\/2013\\\/05\\\/Detalle.jpg\",\"width\":800,\"height\":479},{\"@type\":\"BreadcrumbList\",\"@id\":\"https:\\\/\\\/www.bajoaragonesa.org\\\/elagitador\\\/el-cisma-de-occidente-y-la-vera-cruz-de-caspe\\\/#breadcrumb\",\"itemListElement\":[{\"@type\":\"ListItem\",\"position\":1,\"name\":\"Portada\",\"item\":\"https:\\\/\\\/www.bajoaragonesa.org\\\/elagitador\\\/\"},{\"@type\":\"ListItem\",\"position\":2,\"name\":\"El Cisma de Occidente y la Vera Cruz de Caspe\"}]},{\"@type\":\"WebSite\",\"@id\":\"https:\\\/\\\/www.bajoaragonesa.org\\\/elagitador\\\/#website\",\"url\":\"https:\\\/\\\/www.bajoaragonesa.org\\\/elagitador\\\/\",\"name\":\"El Agitador\",\"description\":\"Una publicaci\u00f3n de Bajoaragonesa de Agitaci\u00f3n y Propaganda\",\"potentialAction\":[{\"@type\":\"SearchAction\",\"target\":{\"@type\":\"EntryPoint\",\"urlTemplate\":\"https:\\\/\\\/www.bajoaragonesa.org\\\/elagitador\\\/?s={search_term_string}\"},\"query-input\":{\"@type\":\"PropertyValueSpecification\",\"valueRequired\":true,\"valueName\":\"search_term_string\"}}],\"inLanguage\":\"es\"},{\"@type\":\"Person\",\"@id\":\"https:\\\/\\\/www.bajoaragonesa.org\\\/elagitador\\\/#\\\/schema\\\/person\\\/872d64f1366d7fadd0011541a15fcc88\",\"name\":\"ElAgitador\",\"image\":{\"@type\":\"ImageObject\",\"inLanguage\":\"es\",\"@id\":\"https:\\\/\\\/secure.gravatar.com\\\/avatar\\\/0130584f6a011c9032e664d489b62b6e5026579dcd3b2471620861b788b90451?s=96&d=identicon&r=g\",\"url\":\"https:\\\/\\\/secure.gravatar.com\\\/avatar\\\/0130584f6a011c9032e664d489b62b6e5026579dcd3b2471620861b788b90451?s=96&d=identicon&r=g\",\"contentUrl\":\"https:\\\/\\\/secure.gravatar.com\\\/avatar\\\/0130584f6a011c9032e664d489b62b6e5026579dcd3b2471620861b788b90451?s=96&d=identicon&r=g\",\"caption\":\"ElAgitador\"},\"sameAs\":[\"http:\\\/\\\/www.bajoaragonesa.org\"],\"url\":\"https:\\\/\\\/www.bajoaragonesa.org\\\/elagitador\\\/author\\\/elagitador\\\/\"}]}<\/script>\n<!-- \/ Yoast SEO plugin. -->","yoast_head_json":{"title":"El Cisma de Occidente y la Vera Cruz de Caspe","robots":{"index":"index","follow":"follow","max-snippet":"max-snippet:-1","max-image-preview":"max-image-preview:large","max-video-preview":"max-video-preview:-1"},"canonical":"https:\/\/www.bajoaragonesa.org\/elagitador\/el-cisma-de-occidente-y-la-vera-cruz-de-caspe\/","og_locale":"es_ES","og_type":"article","og_title":"El Cisma de Occidente y la Vera Cruz de Caspe","og_description":"Como bien sabemos, para muchas personas la Vera Cruz de Caspe es una reliquia cuyo valor se mide mediante el baremo de la devoci\u00f3n. Como","og_url":"https:\/\/www.bajoaragonesa.org\/elagitador\/el-cisma-de-occidente-y-la-vera-cruz-de-caspe\/","og_site_name":"El Agitador","article_publisher":"https:\/\/www.facebook.com\/Bajoaragonesa","article_published_time":"2013-05-07T22:05:52+00:00","article_modified_time":"2013-05-10T22:49:31+00:00","og_image":[{"width":800,"height":479,"url":"https:\/\/www.bajoaragonesa.org\/elagitador\/wp-content\/uploads\/2013\/05\/Detalle.jpg","type":"image\/jpeg"}],"author":"ElAgitador","twitter_card":"summary_large_image","twitter_creator":"@bajoaragonesa","twitter_site":"@bajoaragonesa","twitter_misc":{"Escrito por":"ElAgitador","Tiempo de lectura":"8 minutos"},"schema":{"@context":"https:\/\/schema.org","@graph":[{"@type":"Article","@id":"https:\/\/www.bajoaragonesa.org\/elagitador\/el-cisma-de-occidente-y-la-vera-cruz-de-caspe\/#article","isPartOf":{"@id":"https:\/\/www.bajoaragonesa.org\/elagitador\/el-cisma-de-occidente-y-la-vera-cruz-de-caspe\/"},"author":{"name":"ElAgitador","@id":"https:\/\/www.bajoaragonesa.org\/elagitador\/#\/schema\/person\/872d64f1366d7fadd0011541a15fcc88"},"headline":"El Cisma de Occidente y la Vera Cruz de Caspe","datePublished":"2013-05-07T22:05:52+00:00","dateModified":"2013-05-10T22:49:31+00:00","mainEntityOfPage":{"@id":"https:\/\/www.bajoaragonesa.org\/elagitador\/el-cisma-de-occidente-y-la-vera-cruz-de-caspe\/"},"wordCount":1677,"image":{"@id":"https:\/\/www.bajoaragonesa.org\/elagitador\/el-cisma-de-occidente-y-la-vera-cruz-de-caspe\/#primaryimage"},"thumbnailUrl":"https:\/\/www.bajoaragonesa.org\/elagitador\/wp-content\/uploads\/2013\/05\/Detalle.jpg","keywords":["antipapa","Caspe","Cisma de Occidente","Clemente VII","cristiandad","fotograf\u00edas","historia","Juan Fern\u00e1ndez de Heredia","Lignum Crucis","papa","patrimonio","religion","reportaje","Urbano VI","Vera Cruz de Calaceite","Vera Cruz de Caspe"],"articleSection":["Grand Tour"],"inLanguage":"es"},{"@type":"WebPage","@id":"https:\/\/www.bajoaragonesa.org\/elagitador\/el-cisma-de-occidente-y-la-vera-cruz-de-caspe\/","url":"https:\/\/www.bajoaragonesa.org\/elagitador\/el-cisma-de-occidente-y-la-vera-cruz-de-caspe\/","name":"El Cisma de Occidente y la Vera Cruz de Caspe","isPartOf":{"@id":"https:\/\/www.bajoaragonesa.org\/elagitador\/#website"},"primaryImageOfPage":{"@id":"https:\/\/www.bajoaragonesa.org\/elagitador\/el-cisma-de-occidente-y-la-vera-cruz-de-caspe\/#primaryimage"},"image":{"@id":"https:\/\/www.bajoaragonesa.org\/elagitador\/el-cisma-de-occidente-y-la-vera-cruz-de-caspe\/#primaryimage"},"thumbnailUrl":"https:\/\/www.bajoaragonesa.org\/elagitador\/wp-content\/uploads\/2013\/05\/Detalle.jpg","datePublished":"2013-05-07T22:05:52+00:00","dateModified":"2013-05-10T22:49:31+00:00","author":{"@id":"https:\/\/www.bajoaragonesa.org\/elagitador\/#\/schema\/person\/872d64f1366d7fadd0011541a15fcc88"},"breadcrumb":{"@id":"https:\/\/www.bajoaragonesa.org\/elagitador\/el-cisma-de-occidente-y-la-vera-cruz-de-caspe\/#breadcrumb"},"inLanguage":"es","potentialAction":[{"@type":"ReadAction","target":["https:\/\/www.bajoaragonesa.org\/elagitador\/el-cisma-de-occidente-y-la-vera-cruz-de-caspe\/"]}]},{"@type":"ImageObject","inLanguage":"es","@id":"https:\/\/www.bajoaragonesa.org\/elagitador\/el-cisma-de-occidente-y-la-vera-cruz-de-caspe\/#primaryimage","url":"https:\/\/www.bajoaragonesa.org\/elagitador\/wp-content\/uploads\/2013\/05\/Detalle.jpg","contentUrl":"https:\/\/www.bajoaragonesa.org\/elagitador\/wp-content\/uploads\/2013\/05\/Detalle.jpg","width":800,"height":479},{"@type":"BreadcrumbList","@id":"https:\/\/www.bajoaragonesa.org\/elagitador\/el-cisma-de-occidente-y-la-vera-cruz-de-caspe\/#breadcrumb","itemListElement":[{"@type":"ListItem","position":1,"name":"Portada","item":"https:\/\/www.bajoaragonesa.org\/elagitador\/"},{"@type":"ListItem","position":2,"name":"El Cisma de Occidente y la Vera Cruz de Caspe"}]},{"@type":"WebSite","@id":"https:\/\/www.bajoaragonesa.org\/elagitador\/#website","url":"https:\/\/www.bajoaragonesa.org\/elagitador\/","name":"El Agitador","description":"Una publicaci\u00f3n de Bajoaragonesa de Agitaci\u00f3n y Propaganda","potentialAction":[{"@type":"SearchAction","target":{"@type":"EntryPoint","urlTemplate":"https:\/\/www.bajoaragonesa.org\/elagitador\/?s={search_term_string}"},"query-input":{"@type":"PropertyValueSpecification","valueRequired":true,"valueName":"search_term_string"}}],"inLanguage":"es"},{"@type":"Person","@id":"https:\/\/www.bajoaragonesa.org\/elagitador\/#\/schema\/person\/872d64f1366d7fadd0011541a15fcc88","name":"ElAgitador","image":{"@type":"ImageObject","inLanguage":"es","@id":"https:\/\/secure.gravatar.com\/avatar\/0130584f6a011c9032e664d489b62b6e5026579dcd3b2471620861b788b90451?s=96&d=identicon&r=g","url":"https:\/\/secure.gravatar.com\/avatar\/0130584f6a011c9032e664d489b62b6e5026579dcd3b2471620861b788b90451?s=96&d=identicon&r=g","contentUrl":"https:\/\/secure.gravatar.com\/avatar\/0130584f6a011c9032e664d489b62b6e5026579dcd3b2471620861b788b90451?s=96&d=identicon&r=g","caption":"ElAgitador"},"sameAs":["http:\/\/www.bajoaragonesa.org"],"url":"https:\/\/www.bajoaragonesa.org\/elagitador\/author\/elagitador\/"}]}},"jetpack_publicize_connections":[],"jetpack_featured_media_url":"https:\/\/www.bajoaragonesa.org\/elagitador\/wp-content\/uploads\/2013\/05\/Detalle.jpg","_links":{"self":[{"href":"https:\/\/www.bajoaragonesa.org\/elagitador\/wp-json\/wp\/v2\/posts\/6548","targetHints":{"allow":["GET"]}}],"collection":[{"href":"https:\/\/www.bajoaragonesa.org\/elagitador\/wp-json\/wp\/v2\/posts"}],"about":[{"href":"https:\/\/www.bajoaragonesa.org\/elagitador\/wp-json\/wp\/v2\/types\/post"}],"author":[{"embeddable":true,"href":"https:\/\/www.bajoaragonesa.org\/elagitador\/wp-json\/wp\/v2\/users\/12"}],"replies":[{"embeddable":true,"href":"https:\/\/www.bajoaragonesa.org\/elagitador\/wp-json\/wp\/v2\/comments?post=6548"}],"version-history":[{"count":0,"href":"https:\/\/www.bajoaragonesa.org\/elagitador\/wp-json\/wp\/v2\/posts\/6548\/revisions"}],"wp:featuredmedia":[{"embeddable":true,"href":"https:\/\/www.bajoaragonesa.org\/elagitador\/wp-json\/wp\/v2\/media\/6557"}],"wp:attachment":[{"href":"https:\/\/www.bajoaragonesa.org\/elagitador\/wp-json\/wp\/v2\/media?parent=6548"}],"wp:term":[{"taxonomy":"category","embeddable":true,"href":"https:\/\/www.bajoaragonesa.org\/elagitador\/wp-json\/wp\/v2\/categories?post=6548"},{"taxonomy":"post_tag","embeddable":true,"href":"https:\/\/www.bajoaragonesa.org\/elagitador\/wp-json\/wp\/v2\/tags?post=6548"}],"curies":[{"name":"wp","href":"https:\/\/api.w.org\/{rel}","templated":true}]}}